{"id":5365,"date":"2026-07-13T15:00:30","date_gmt":"2026-07-13T14:00:30","guid":{"rendered":"https:\/\/amicale-8-hussards.com\/wp\/?p=5365"},"modified":"2026-08-12T20:19:37","modified_gmt":"2026-08-12T19:19:37","slug":"deces-de-francois-pic-paris","status":"publish","type":"post","link":"https:\/\/amicale-8-hussards.com\/wp\/deces-de-francois-pic-paris\/","title":{"rendered":"D\u00e9c\u00e8s de Fran\u00e7ois Pic-P\u00e2ris"},"content":{"rendered":"\t\t<div data-elementor-type=\"wp-post\" data-elementor-id=\"5365\" class=\"elementor elementor-5365\">\n\t\t\t\t\t\t<section class=\"elementor-section elementor-top-section elementor-element elementor-element-3350301e elementor-section-boxed elementor-section-height-default elementor-section-height-default\" data-id=\"3350301e\" data-element_type=\"section\" data-e-type=\"section\">\n\t\t\t\t\t\t<div class=\"elementor-container elementor-column-gap-default\">\n\t\t\t\t\t<div class=\"elementor-column elementor-col-100 elementor-top-column elementor-element elementor-element-21208595\" data-id=\"21208595\" data-element_type=\"column\" data-e-type=\"column\">\n\t\t\t<div class=\"elementor-widget-wrap elementor-element-populated\">\n\t\t\t\t\t\t<div class=\"elementor-element elementor-element-5ba8f3d2 elementor-widget elementor-widget-heading\" data-id=\"5ba8f3d2\" data-element_type=\"widget\" data-e-type=\"widget\" data-widget_type=\"heading.default\">\n\t\t\t\t<div class=\"elementor-widget-container\">\n\t\t\t\t\t<h2 class=\"elementor-heading-title elementor-size-default\"><span style=\"font-size: 2.14286rem;font-style: inherit\">D\u00e9c\u00e8s de  Fran\u00e7ois Pic-P\u00e2ris<\/span><\/h2>\t\t\t\t<\/div>\n\t\t\t\t<\/div>\n\t\t\t\t\t<\/div>\n\t\t<\/div>\n\t\t\t\t\t<\/div>\n\t\t<\/section>\n\t\t\t\t<section class=\"elementor-section elementor-top-section elementor-element elementor-element-5f358b01 elementor-section-boxed elementor-section-height-default elementor-section-height-default\" data-id=\"5f358b01\" data-element_type=\"section\" data-e-type=\"section\">\n\t\t\t\t\t\t<div class=\"elementor-container elementor-column-gap-default\">\n\t\t\t\t\t<div class=\"elementor-column elementor-col-100 elementor-top-column elementor-element elementor-element-6a359e36\" data-id=\"6a359e36\" data-element_type=\"column\" data-e-type=\"column\">\n\t\t\t<div class=\"elementor-widget-wrap elementor-element-populated\">\n\t\t\t\t\t\t<section class=\"elementor-section elementor-inner-section elementor-element elementor-element-1f0b4f04 elementor-section-boxed elementor-section-height-default elementor-section-height-default\" data-id=\"1f0b4f04\" data-element_type=\"section\" data-e-type=\"section\" data-settings=\"{&quot;background_background&quot;:&quot;classic&quot;}\">\n\t\t\t\t\t\t<div class=\"elementor-container elementor-column-gap-narrow\">\n\t\t\t\t\t<div class=\"elementor-column elementor-col-50 elementor-inner-column elementor-element elementor-element-b02ebf9\" data-id=\"b02ebf9\" data-element_type=\"column\" data-e-type=\"column\">\n\t\t\t<div class=\"elementor-widget-wrap elementor-element-populated\">\n\t\t\t\t\t\t<div class=\"elementor-element elementor-element-30accdcf elementor-widget elementor-widget-image\" data-id=\"30accdcf\" data-element_type=\"widget\" data-e-type=\"widget\" data-widget_type=\"image.default\">\n\t\t\t\t<div class=\"elementor-widget-container\">\n\t\t\t\t\t\t\t\t\t\t\t\t\t\t\t\t<a href=\"https:\/\/amicale-8-hussards.com\/wp\/wp-content\/uploads\/2026\/07\/mariage-FPP--scaled.jpeg\" data-elementor-open-lightbox=\"yes\" data-elementor-lightbox-title=\"mariage FPP\" data-e-action-hash=\"#elementor-action%3Aaction%3Dlightbox%26settings%3DeyJpZCI6NTM2NiwidXJsIjoiaHR0cHM6XC9cL2FtaWNhbGUtOC1odXNzYXJkcy5jb21cL3dwXC93cC1jb250ZW50XC91cGxvYWRzXC8yMDI2XC8wN1wvbWFyaWFnZS1GUFAtLXNjYWxlZC5qcGVnIn0%3D\">\n\t\t\t\t\t\t\t<img decoding=\"async\" src=\"https:\/\/amicale-8-hussards.com\/wp\/wp-content\/uploads\/elementor\/thumbs\/mariage-FPP--scaled-rqcm065mx9xa9deisg39pjg93jbsrcd2q5v27tfkow.jpeg\" title=\"mariage FPP\" alt=\"mariage FPP\" loading=\"lazy\" \/>\t\t\t\t\t\t\t\t<\/a>\n\t\t\t\t\t\t\t\t\t\t\t\t\t\t\t<\/div>\n\t\t\t\t<\/div>\n\t\t\t\t\t<\/div>\n\t\t<\/div>\n\t\t\t\t<div class=\"elementor-column elementor-col-50 elementor-inner-column elementor-element elementor-element-5c49907f\" data-id=\"5c49907f\" data-element_type=\"column\" data-e-type=\"column\">\n\t\t\t<div class=\"elementor-widget-wrap elementor-element-populated\">\n\t\t\t\t\t\t<div class=\"elementor-element elementor-element-607bc8e8 elementor-widget__width-initial elementor-widget elementor-widget-text-editor\" data-id=\"607bc8e8\" data-element_type=\"widget\" data-e-type=\"widget\" data-widget_type=\"text-editor.default\">\n\t\t\t\t<div class=\"elementor-widget-container\">\n\t\t\t\t\t\t\t\t\t<p>Nous avons appris le d\u00e9c\u00e8s de Fran\u00e7ois PIC-PARIS, le 10 juillet 2026, \u00e0 l\u2019\u00e2ge de 91 ans.<\/p><p>Il avait servi \u00a0au 8\u00e8me Hussards en tant que lieutenant de 1959 \u00e0 1964.\u00a0<\/p><p>Amicaliste fid\u00e8le, Il \u00e9tait officier de la l\u00e9gion d\u2019Honneur<\/p>\t\t\t\t\t\t\t\t<\/div>\n\t\t\t\t<\/div>\n\t\t\t\t\t<\/div>\n\t\t<\/div>\n\t\t\t\t\t<\/div>\n\t\t<\/section>\n\t\t\t\t\t<\/div>\n\t\t<\/div>\n\t\t\t\t\t<\/div>\n\t\t<\/section>\n\t\t\t\t<section class=\"elementor-section elementor-top-section elementor-element elementor-element-421a65e elementor-section-boxed elementor-section-height-default elementor-section-height-default\" data-id=\"421a65e\" data-element_type=\"section\" data-e-type=\"section\" data-settings=\"{&quot;background_background&quot;:&quot;classic&quot;}\">\n\t\t\t\t\t\t<div class=\"elementor-container elementor-column-gap-default\">\n\t\t\t\t\t<div class=\"elementor-column elementor-col-100 elementor-top-column elementor-element elementor-element-70ce490\" data-id=\"70ce490\" data-element_type=\"column\" data-e-type=\"column\">\n\t\t\t<div class=\"elementor-widget-wrap elementor-element-populated\">\n\t\t\t\t\t\t<div class=\"elementor-element elementor-element-8d33e2d elementor-widget elementor-widget-text-editor\" data-id=\"8d33e2d\" data-element_type=\"widget\" data-e-type=\"widget\" data-widget_type=\"text-editor.default\">\n\t\t\t\t<div class=\"elementor-widget-container\">\n\t\t\t\t\t\t\t\t\t<p>\u00a0\u00a0\u00a0 J\u2019ai fait la connaissance de \u00a0Fran\u00e7ois Pic-Paris en 1999.<br \/>Lors de nos rencontres, Ren\u00e9 Bernand me parlait souvent de son chef de peloton Pic-Paris, strict en service, appr\u00e9ci\u00e9 de ses hommes.\u00a0 <br \/>J\u2019ai demand\u00e9 \u00e0 Ren\u00e9 s\u2019il \u00e9tait possible de faire sa connaissance. Chose voulue, chose faite. Nous nous sommes retrouv\u00e9s tous les trois, \u00e0 Asni\u00e8res, devant un plantureux couscous au restaurant la M\u00e9dina. Inutile de vous dire que nous avons tr\u00e8s bien d\u00e9jeun\u00e9, mais surtout \u00e9chang\u00e9 de nombreuses anecdotes pass\u00e9es pendant nos s\u00e9jours au r\u00e9giment. <br \/>J\u2019ai gard\u00e9 un excellent souvenir de ce premier et dernier contact et d\u2019autres sur Facebook.\u00a0\u00a0\u00a0\u00a0 \u00a0\u00a0\u00a0\u00a0\u00a0\u00a0\u00a0\u00a0\u00a0\u00a0\u00a0\u00a0\u00a0\u00a0\u00a0\u00a0\u00a0\u00a0\u00a0\u00a0\u00a0\u00a0\u00a0\u00a0\u00a0\u00a0\u00a0\u00a0\u00a0\u00a0\u00a0\u00a0\u00a0\u00a0\u00a0\u00a0\u00a0\u00a0\u00a0\u00a0\u00a0\u00a0\u00a0\u00a0\u00a0\u00a0\u00a0\u00a0\u00a0\u00a0\u00a0\u00a0\u00a0\u00a0\u00a0\u00a0\u00a0\u00a0\u00a0\u00a0\u00a0\u00a0\u00a0\u00a0\u00a0\u00a0\u00a0\u00a0\u00a0\u00a0\u00a0\u00a0\u00a0<\/p><p>Fran\u00e7ois Pic-Paris &#8211; Lieutenant au 2<sup>\u00e8me<\/sup> Escadron \u00e0 Colmar. 1962-1963<\/p><p style=\"text-align: right;\"><em>Robert Alazet\u00a0 \u00a0<\/em><\/p>\t\t\t\t\t\t\t\t<\/div>\n\t\t\t\t<\/div>\n\t\t\t\t<div class=\"elementor-element elementor-element-d12aa9c elementor-widget__width-initial elementor-widget elementor-widget-image\" data-id=\"d12aa9c\" data-element_type=\"widget\" data-e-type=\"widget\" data-widget_type=\"image.default\">\n\t\t\t\t<div class=\"elementor-widget-container\">\n\t\t\t\t\t\t\t\t\t\t\t\t<figure class=\"wp-caption\">\n\t\t\t\t\t\t\t\t\t\t<img fetchpriority=\"high\" decoding=\"async\" width=\"1024\" height=\"691\" src=\"https:\/\/amicale-8-hussards.com\/wp\/wp-content\/uploads\/2026\/07\/1999-F-Pic-Paris-R.Bernand-1024x691.jpg\" class=\"attachment-large size-large wp-image-5395 no-lazy\" alt=\"\" srcset=\"https:\/\/amicale-8-hussards.com\/wp\/wp-content\/uploads\/2026\/07\/1999-F-Pic-Paris-R.Bernand-1024x691.jpg 1024w, https:\/\/amicale-8-hussards.com\/wp\/wp-content\/uploads\/2026\/07\/1999-F-Pic-Paris-R.Bernand-300x202.jpg 300w, https:\/\/amicale-8-hussards.com\/wp\/wp-content\/uploads\/2026\/07\/1999-F-Pic-Paris-R.Bernand-768x518.jpg 768w, https:\/\/amicale-8-hussards.com\/wp\/wp-content\/uploads\/2026\/07\/1999-F-Pic-Paris-R.Bernand.jpg 1088w\" sizes=\"(max-width: 1024px) 100vw, 1024px\" \/>\t\t\t\t\t\t\t\t\t\t\t<figcaption class=\"widget-image-caption wp-caption-text\">1999 - F. Pic-P\u00e2ris - M. Bernand - R. Alazet<\/figcaption>\n\t\t\t\t\t\t\t\t\t\t<\/figure>\n\t\t\t\t\t\t\t\t\t<\/div>\n\t\t\t\t<\/div>\n\t\t\t\t<div class=\"elementor-element elementor-element-35552cf elementor-widget__width-initial elementor-widget elementor-widget-image\" data-id=\"35552cf\" data-element_type=\"widget\" data-e-type=\"widget\" data-widget_type=\"image.default\">\n\t\t\t\t<div class=\"elementor-widget-container\">\n\t\t\t\t\t\t\t\t\t\t\t\t<figure class=\"wp-caption\">\n\t\t\t\t\t\t\t\t\t\t<img decoding=\"async\" width=\"1024\" height=\"688\" src=\"https:\/\/amicale-8-hussards.com\/wp\/wp-content\/uploads\/2026\/07\/Peloton-Pic-Paris-Haut-koenigsbourg.jpg\" class=\"attachment-large size-large wp-image-5396 no-lazy\" alt=\"\" srcset=\"https:\/\/amicale-8-hussards.com\/wp\/wp-content\/uploads\/2026\/07\/Peloton-Pic-Paris-Haut-koenigsbourg.jpg 1024w, https:\/\/amicale-8-hussards.com\/wp\/wp-content\/uploads\/2026\/07\/Peloton-Pic-Paris-Haut-koenigsbourg-300x202.jpg 300w, https:\/\/amicale-8-hussards.com\/wp\/wp-content\/uploads\/2026\/07\/Peloton-Pic-Paris-Haut-koenigsbourg-768x516.jpg 768w\" sizes=\"(max-width: 1024px) 100vw, 1024px\" \/>\t\t\t\t\t\t\t\t\t\t\t<figcaption class=\"widget-image-caption wp-caption-text\">Peloton Pic-P\u00e2ris - Haut Koenigsbourg<\/figcaption>\n\t\t\t\t\t\t\t\t\t\t<\/figure>\n\t\t\t\t\t\t\t\t\t<\/div>\n\t\t\t\t<\/div>\n\t\t\t\t\t<\/div>\n\t\t<\/div>\n\t\t\t\t\t<\/div>\n\t\t<\/section>\n\t\t\t\t<\/div>\n\t\t","protected":false},"excerpt":{"rendered":"<p>D\u00e9c\u00e8s de Fran\u00e7ois Pic-P\u00e2ris Nous avons appris le d\u00e9c\u00e8s de Fran\u00e7ois PIC-PARIS, le 10 juillet 2026, \u00e0 l\u2019\u00e2ge de 91 ans. Il avait servi \u00a0au 8\u00e8me Hussards en tant que lieutenant de 1959 \u00e0 1964.\u00a0 Amicaliste fid\u00e8le, Il \u00e9tait officier de la l\u00e9gion d\u2019Honneur \u00a0\u00a0\u00a0 J\u2019ai fait la connaissance de \u00a0Fran\u00e7ois Pic-Paris en 1999.Lors de [&hellip;]<\/p>\n","protected":false},"author":7,"featured_media":5373,"comment_status":"open","ping_status":"open","sticky":false,"template":"","format":"standard","meta":{"site-sidebar-layout":"default","site-content-layout":"","ast-site-content-layout":"default","site-content-style":"default","site-sidebar-style":"default","ast-global-header-display":"","ast-banner-title-visibility":"","ast-main-header-display":"","ast-hfb-above-header-display":"","ast-hfb-below-header-display":"","ast-hfb-mobile-header-display":"","site-post-title":"disabled","ast-breadcrumbs-content":"","ast-featured-img":"","footer-sml-layout":"","ast-disable-related-posts":"","theme-transparent-header-meta":"","adv-header-id-meta":"","stick-header-meta":"","header-above-stick-meta":"","header-main-stick-meta":"","header-below-stick-meta":"","astra-migrate-meta-layouts":"set","ast-page-background-enabled":"default","ast-page-background-meta":{"desktop":{"background-color":"","background-image":"","background-repeat":"repeat","background-position":"center center","background-size":"auto","background-attachment":"scroll","background-type":"","background-media":"","overlay-type":"","overlay-color":"","overlay-opacity":"","overlay-gradient":""},"tablet":{"background-color":"","background-image":"","background-repeat":"repeat","background-position":"center center","background-size":"auto","background-attachment":"scroll","background-type":"","background-media":"","overlay-type":"","overlay-color":"","overlay-opacity":"","overlay-gradient":""},"mobile":{"background-color":"","background-image":"","background-repeat":"repeat","background-position":"center center","background-size":"auto","background-attachment":"scroll","background-type":"","background-media":"","overlay-type":"","overlay-color":"","overlay-opacity":"","overlay-gradient":""}},"ast-content-background-meta":{"desktop":{"background-color":"var(--ast-global-color-5)","background-image":"","background-repeat":"repeat","background-position":"center center","background-size":"auto","background-attachment":"scroll","background-type":"","background-media":"","overlay-type":"","overlay-color":"","overlay-opacity":"","overlay-gradient":""},"tablet":{"background-color":"var(--ast-global-color-5)","background-image":"","background-repeat":"repeat","background-position":"center center","background-size":"auto","background-attachment":"scroll","background-type":"","background-media":"","overlay-type":"","overlay-color":"","overlay-opacity":"","overlay-gradient":""},"mobile":{"background-color":"var(--ast-global-color-5)","background-image":"","background-repeat":"repeat","background-position":"center center","background-size":"auto","background-attachment":"scroll","background-type":"","background-media":"","overlay-type":"","overlay-color":"","overlay-opacity":"","overlay-gradient":""}},"ngg_post_thumbnail":0,"page_builder":"","footnotes":""},"categories":[16,17,10],"tags":[],"class_list":["post-5365","post","type-post","status-publish","format-standard","has-post-thumbnail","hentry","category-courrier-des-anciens","category-deces","category-les-membres"],"yoast_head":"<!-- This site is optimized with the Yoast SEO plugin v28.3 - https:\/\/yoast.com\/product\/yoast-seo-wordpress\/ -->\n<title>D\u00e9c\u00e8s de Fran\u00e7ois Pic-P\u00e2ris - Amicale des anciens du 8\u00e8me R\u00e9giment de Hussards<\/title>\n<meta name=\"robots\" content=\"index, follow, max-snippet:-1, max-image-preview:large, max-video-preview:-1\" \/>\n<link rel=\"canonical\" href=\"https:\/\/amicale-8-hussards.com\/wp\/deces-de-francois-pic-paris\/\" \/>\n<meta property=\"og:locale\" content=\"fr_FR\" \/>\n<meta property=\"og:type\" content=\"article\" \/>\n<meta property=\"og:title\" content=\"D\u00e9c\u00e8s de Fran\u00e7ois Pic-P\u00e2ris - Amicale des anciens du 8\u00e8me R\u00e9giment de Hussards\" \/>\n<meta property=\"og:description\" content=\"D\u00e9c\u00e8s de Fran\u00e7ois Pic-P\u00e2ris Nous avons appris le d\u00e9c\u00e8s de Fran\u00e7ois PIC-PARIS, le 10 juillet 2026, \u00e0 l\u2019\u00e2ge de 91 ans. Il avait servi \u00a0au 8\u00e8me Hussards en tant que lieutenant de 1959 \u00e0 1964.\u00a0 Amicaliste fid\u00e8le, Il \u00e9tait officier de la l\u00e9gion d\u2019Honneur \u00a0\u00a0\u00a0 J\u2019ai fait la connaissance de \u00a0Fran\u00e7ois Pic-Paris en 1999.Lors de [&hellip;]\" \/>\n<meta property=\"og:url\" content=\"https:\/\/amicale-8-hussards.com\/wp\/deces-de-francois-pic-paris\/\" \/>\n<meta property=\"og:site_name\" content=\"Amicale des anciens du 8\u00e8me R\u00e9giment de Hussards\" \/>\n<meta property=\"article:published_time\" content=\"2026-07-13T14:00:30+00:00\" \/>\n<meta property=\"article:modified_time\" content=\"2026-08-12T19:19:37+00:00\" \/>\n<meta property=\"og:image\" content=\"https:\/\/amicale-8-hussards.com\/wp\/wp-content\/uploads\/2026\/07\/mariage-FPP_2-.jpeg\" \/>\n\t<meta property=\"og:image:width\" content=\"1976\" \/>\n\t<meta property=\"og:image:height\" content=\"988\" \/>\n\t<meta property=\"og:image:type\" content=\"image\/jpeg\" \/>\n<meta name=\"author\" content=\"Webmaster\" \/>\n<meta name=\"twitter:card\" content=\"summary_large_image\" \/>\n<meta name=\"twitter:label1\" content=\"\u00c9crit par\" \/>\n\t<meta name=\"twitter:data1\" content=\"Webmaster\" \/>\n\t<meta name=\"twitter:label2\" content=\"Dur\u00e9e de lecture estim\u00e9e\" \/>\n\t<meta name=\"twitter:data2\" content=\"2 minutes\" \/>\n<script type=\"application\/ld+json\" class=\"yoast-schema-graph\">{\"@context\":\"https:\\\/\\\/schema.org\",\"@graph\":[{\"@type\":\"Article\",\"@id\":\"https:\\\/\\\/amicale-8-hussards.com\\\/wp\\\/deces-de-francois-pic-paris\\\/#article\",\"isPartOf\":{\"@id\":\"https:\\\/\\\/amicale-8-hussards.com\\\/wp\\\/deces-de-francois-pic-paris\\\/\"},\"author\":{\"name\":\"Webmaster\",\"@id\":\"https:\\\/\\\/amicale-8-hussards.com\\\/wp\\\/#\\\/schema\\\/person\\\/ec1bcdc99bd0fca26aad6a0dabe1df5a\"},\"headline\":\"D\u00e9c\u00e8s de Fran\u00e7ois Pic-P\u00e2ris\",\"datePublished\":\"2026-07-13T14:00:30+00:00\",\"dateModified\":\"2026-08-12T19:19:37+00:00\",\"mainEntityOfPage\":{\"@id\":\"https:\\\/\\\/amicale-8-hussards.com\\\/wp\\\/deces-de-francois-pic-paris\\\/\"},\"wordCount\":196,\"commentCount\":0,\"publisher\":{\"@id\":\"https:\\\/\\\/amicale-8-hussards.com\\\/wp\\\/#organization\"},\"image\":{\"@id\":\"https:\\\/\\\/amicale-8-hussards.com\\\/wp\\\/deces-de-francois-pic-paris\\\/#primaryimage\"},\"thumbnailUrl\":\"https:\\\/\\\/amicale-8-hussards.com\\\/wp\\\/wp-content\\\/uploads\\\/2026\\\/07\\\/mariage-FPP_2-.jpeg\",\"articleSection\":[\"Courrier des anciens\",\"D\u00e9c\u00e8s\",\"Les membres\"],\"inLanguage\":\"fr-FR\",\"potentialAction\":[{\"@type\":\"CommentAction\",\"name\":\"Comment\",\"target\":[\"https:\\\/\\\/amicale-8-hussards.com\\\/wp\\\/deces-de-francois-pic-paris\\\/#respond\"]}]},{\"@type\":\"WebPage\",\"@id\":\"https:\\\/\\\/amicale-8-hussards.com\\\/wp\\\/deces-de-francois-pic-paris\\\/\",\"url\":\"https:\\\/\\\/amicale-8-hussards.com\\\/wp\\\/deces-de-francois-pic-paris\\\/\",\"name\":\"D\u00e9c\u00e8s de Fran\u00e7ois Pic-P\u00e2ris - Amicale des anciens du 8\u00e8me R\u00e9giment de Hussards\",\"isPartOf\":{\"@id\":\"https:\\\/\\\/amicale-8-hussards.com\\\/wp\\\/#website\"},\"primaryImageOfPage\":{\"@id\":\"https:\\\/\\\/amicale-8-hussards.com\\\/wp\\\/deces-de-francois-pic-paris\\\/#primaryimage\"},\"image\":{\"@id\":\"https:\\\/\\\/amicale-8-hussards.com\\\/wp\\\/deces-de-francois-pic-paris\\\/#primaryimage\"},\"thumbnailUrl\":\"https:\\\/\\\/amicale-8-hussards.com\\\/wp\\\/wp-content\\\/uploads\\\/2026\\\/07\\\/mariage-FPP_2-.jpeg\",\"datePublished\":\"2026-07-13T14:00:30+00:00\",\"dateModified\":\"2026-08-12T19:19:37+00:00\",\"breadcrumb\":{\"@id\":\"https:\\\/\\\/amicale-8-hussards.com\\\/wp\\\/deces-de-francois-pic-paris\\\/#breadcrumb\"},\"inLanguage\":\"fr-FR\",\"potentialAction\":[{\"@type\":\"ReadAction\",\"target\":[\"https:\\\/\\\/amicale-8-hussards.com\\\/wp\\\/deces-de-francois-pic-paris\\\/\"]}]},{\"@type\":\"ImageObject\",\"inLanguage\":\"fr-FR\",\"@id\":\"https:\\\/\\\/amicale-8-hussards.com\\\/wp\\\/deces-de-francois-pic-paris\\\/#primaryimage\",\"url\":\"https:\\\/\\\/amicale-8-hussards.com\\\/wp\\\/wp-content\\\/uploads\\\/2026\\\/07\\\/mariage-FPP_2-.jpeg\",\"contentUrl\":\"https:\\\/\\\/amicale-8-hussards.com\\\/wp\\\/wp-content\\\/uploads\\\/2026\\\/07\\\/mariage-FPP_2-.jpeg\",\"width\":1976,\"height\":988},{\"@type\":\"BreadcrumbList\",\"@id\":\"https:\\\/\\\/amicale-8-hussards.com\\\/wp\\\/deces-de-francois-pic-paris\\\/#breadcrumb\",\"itemListElement\":[{\"@type\":\"ListItem\",\"position\":1,\"name\":\"Accueil\",\"item\":\"https:\\\/\\\/amicale-8-hussards.com\\\/wp\\\/\"},{\"@type\":\"ListItem\",\"position\":2,\"name\":\"D\u00e9c\u00e8s de Fran\u00e7ois Pic-P\u00e2ris\"}]},{\"@type\":\"WebSite\",\"@id\":\"https:\\\/\\\/amicale-8-hussards.com\\\/wp\\\/#website\",\"url\":\"https:\\\/\\\/amicale-8-hussards.com\\\/wp\\\/\",\"name\":\"Amicale des anciens du 8\u00e8me R\u00e9giment de Hussards\",\"description\":\"Et par Saint Georges ...\",\"publisher\":{\"@id\":\"https:\\\/\\\/amicale-8-hussards.com\\\/wp\\\/#organization\"},\"potentialAction\":[{\"@type\":\"SearchAction\",\"target\":{\"@type\":\"EntryPoint\",\"urlTemplate\":\"https:\\\/\\\/amicale-8-hussards.com\\\/wp\\\/?s={search_term_string}\"},\"query-input\":{\"@type\":\"PropertyValueSpecification\",\"valueRequired\":true,\"valueName\":\"search_term_string\"}}],\"inLanguage\":\"fr-FR\"},{\"@type\":\"Organization\",\"@id\":\"https:\\\/\\\/amicale-8-hussards.com\\\/wp\\\/#organization\",\"name\":\"Amicale des anciens du 8\u00e8me R\u00e9giment de Hussards\",\"url\":\"https:\\\/\\\/amicale-8-hussards.com\\\/wp\\\/\",\"logo\":{\"@type\":\"ImageObject\",\"inLanguage\":\"fr-FR\",\"@id\":\"https:\\\/\\\/amicale-8-hussards.com\\\/wp\\\/#\\\/schema\\\/logo\\\/image\\\/\",\"url\":\"https:\\\/\\\/amicale-8-hussards.com\\\/wp\\\/wp-content\\\/uploads\\\/2022\\\/02\\\/insigne_8rh.gif\",\"contentUrl\":\"https:\\\/\\\/amicale-8-hussards.com\\\/wp\\\/wp-content\\\/uploads\\\/2022\\\/02\\\/insigne_8rh.gif\",\"width\":175,\"height\":235,\"caption\":\"Amicale des anciens du 8\u00e8me R\u00e9giment de Hussards\"},\"image\":{\"@id\":\"https:\\\/\\\/amicale-8-hussards.com\\\/wp\\\/#\\\/schema\\\/logo\\\/image\\\/\"}},{\"@type\":\"Person\",\"@id\":\"https:\\\/\\\/amicale-8-hussards.com\\\/wp\\\/#\\\/schema\\\/person\\\/ec1bcdc99bd0fca26aad6a0dabe1df5a\",\"name\":\"Webmaster\",\"image\":{\"@type\":\"ImageObject\",\"inLanguage\":\"fr-FR\",\"@id\":\"https:\\\/\\\/secure.gravatar.com\\\/avatar\\\/9e9e20f91bc29befcb50896f67f2f29fbcd6b002c3b5fc09319f6dbe204ea4f8?s=96&d=mm&r=g\",\"url\":\"https:\\\/\\\/secure.gravatar.com\\\/avatar\\\/9e9e20f91bc29befcb50896f67f2f29fbcd6b002c3b5fc09319f6dbe204ea4f8?s=96&d=mm&r=g\",\"contentUrl\":\"https:\\\/\\\/secure.gravatar.com\\\/avatar\\\/9e9e20f91bc29befcb50896f67f2f29fbcd6b002c3b5fc09319f6dbe204ea4f8?s=96&d=mm&r=g\",\"caption\":\"Webmaster\"},\"sameAs\":[\"http:\\\/\\\/amicale-8-hussards.com\\\/wp\"],\"url\":\"https:\\\/\\\/amicale-8-hussards.com\\\/wp\\\/author\\\/p-barge\\\/\"}]}<\/script>\n<!-- \/ Yoast SEO plugin. -->","yoast_head_json":{"title":"D\u00e9c\u00e8s de Fran\u00e7ois Pic-P\u00e2ris - Amicale des anciens du 8\u00e8me R\u00e9giment de Hussards","robots":{"index":"index","follow":"follow","max-snippet":"max-snippet:-1","max-image-preview":"max-image-preview:large","max-video-preview":"max-video-preview:-1"},"canonical":"https:\/\/amicale-8-hussards.com\/wp\/deces-de-francois-pic-paris\/","og_locale":"fr_FR","og_type":"article","og_title":"D\u00e9c\u00e8s de Fran\u00e7ois Pic-P\u00e2ris - Amicale des anciens du 8\u00e8me R\u00e9giment de Hussards","og_description":"D\u00e9c\u00e8s de Fran\u00e7ois Pic-P\u00e2ris Nous avons appris le d\u00e9c\u00e8s de Fran\u00e7ois PIC-PARIS, le 10 juillet 2026, \u00e0 l\u2019\u00e2ge de 91 ans. Il avait servi \u00a0au 8\u00e8me Hussards en tant que lieutenant de 1959 \u00e0 1964.\u00a0 Amicaliste fid\u00e8le, Il \u00e9tait officier de la l\u00e9gion d\u2019Honneur \u00a0\u00a0\u00a0 J\u2019ai fait la connaissance de \u00a0Fran\u00e7ois Pic-Paris en 1999.Lors de [&hellip;]","og_url":"https:\/\/amicale-8-hussards.com\/wp\/deces-de-francois-pic-paris\/","og_site_name":"Amicale des anciens du 8\u00e8me R\u00e9giment de Hussards","article_published_time":"2026-07-13T14:00:30+00:00","article_modified_time":"2026-08-12T19:19:37+00:00","og_image":[{"width":1976,"height":988,"url":"https:\/\/amicale-8-hussards.com\/wp\/wp-content\/uploads\/2026\/07\/mariage-FPP_2-.jpeg","type":"image\/jpeg"}],"author":"Webmaster","twitter_card":"summary_large_image","twitter_misc":{"\u00c9crit par":"Webmaster","Dur\u00e9e de lecture estim\u00e9e":"2 minutes"},"schema":{"@context":"https:\/\/schema.org","@graph":[{"@type":"Article","@id":"https:\/\/amicale-8-hussards.com\/wp\/deces-de-francois-pic-paris\/#article","isPartOf":{"@id":"https:\/\/amicale-8-hussards.com\/wp\/deces-de-francois-pic-paris\/"},"author":{"name":"Webmaster","@id":"https:\/\/amicale-8-hussards.com\/wp\/#\/schema\/person\/ec1bcdc99bd0fca26aad6a0dabe1df5a"},"headline":"D\u00e9c\u00e8s de Fran\u00e7ois Pic-P\u00e2ris","datePublished":"2026-07-13T14:00:30+00:00","dateModified":"2026-08-12T19:19:37+00:00","mainEntityOfPage":{"@id":"https:\/\/amicale-8-hussards.com\/wp\/deces-de-francois-pic-paris\/"},"wordCount":196,"commentCount":0,"publisher":{"@id":"https:\/\/amicale-8-hussards.com\/wp\/#organization"},"image":{"@id":"https:\/\/amicale-8-hussards.com\/wp\/deces-de-francois-pic-paris\/#primaryimage"},"thumbnailUrl":"https:\/\/amicale-8-hussards.com\/wp\/wp-content\/uploads\/2026\/07\/mariage-FPP_2-.jpeg","articleSection":["Courrier des anciens","D\u00e9c\u00e8s","Les membres"],"inLanguage":"fr-FR","potentialAction":[{"@type":"CommentAction","name":"Comment","target":["https:\/\/amicale-8-hussards.com\/wp\/deces-de-francois-pic-paris\/#respond"]}]},{"@type":"WebPage","@id":"https:\/\/amicale-8-hussards.com\/wp\/deces-de-francois-pic-paris\/","url":"https:\/\/amicale-8-hussards.com\/wp\/deces-de-francois-pic-paris\/","name":"D\u00e9c\u00e8s de Fran\u00e7ois Pic-P\u00e2ris - Amicale des anciens du 8\u00e8me R\u00e9giment de Hussards","isPartOf":{"@id":"https:\/\/amicale-8-hussards.com\/wp\/#website"},"primaryImageOfPage":{"@id":"https:\/\/amicale-8-hussards.com\/wp\/deces-de-francois-pic-paris\/#primaryimage"},"image":{"@id":"https:\/\/amicale-8-hussards.com\/wp\/deces-de-francois-pic-paris\/#primaryimage"},"thumbnailUrl":"https:\/\/amicale-8-hussards.com\/wp\/wp-content\/uploads\/2026\/07\/mariage-FPP_2-.jpeg","datePublished":"2026-07-13T14:00:30+00:00","dateModified":"2026-08-12T19:19:37+00:00","breadcrumb":{"@id":"https:\/\/amicale-8-hussards.com\/wp\/deces-de-francois-pic-paris\/#breadcrumb"},"inLanguage":"fr-FR","potentialAction":[{"@type":"ReadAction","target":["https:\/\/amicale-8-hussards.com\/wp\/deces-de-francois-pic-paris\/"]}]},{"@type":"ImageObject","inLanguage":"fr-FR","@id":"https:\/\/amicale-8-hussards.com\/wp\/deces-de-francois-pic-paris\/#primaryimage","url":"https:\/\/amicale-8-hussards.com\/wp\/wp-content\/uploads\/2026\/07\/mariage-FPP_2-.jpeg","contentUrl":"https:\/\/amicale-8-hussards.com\/wp\/wp-content\/uploads\/2026\/07\/mariage-FPP_2-.jpeg","width":1976,"height":988},{"@type":"BreadcrumbList","@id":"https:\/\/amicale-8-hussards.com\/wp\/deces-de-francois-pic-paris\/#breadcrumb","itemListElement":[{"@type":"ListItem","position":1,"name":"Accueil","item":"https:\/\/amicale-8-hussards.com\/wp\/"},{"@type":"ListItem","position":2,"name":"D\u00e9c\u00e8s de Fran\u00e7ois Pic-P\u00e2ris"}]},{"@type":"WebSite","@id":"https:\/\/amicale-8-hussards.com\/wp\/#website","url":"https:\/\/amicale-8-hussards.com\/wp\/","name":"Amicale des anciens du 8\u00e8me R\u00e9giment de Hussards","description":"Et par Saint Georges ...","publisher":{"@id":"https:\/\/amicale-8-hussards.com\/wp\/#organization"},"potentialAction":[{"@type":"SearchAction","target":{"@type":"EntryPoint","urlTemplate":"https:\/\/amicale-8-hussards.com\/wp\/?s={search_term_string}"},"query-input":{"@type":"PropertyValueSpecification","valueRequired":true,"valueName":"search_term_string"}}],"inLanguage":"fr-FR"},{"@type":"Organization","@id":"https:\/\/amicale-8-hussards.com\/wp\/#organization","name":"Amicale des anciens du 8\u00e8me R\u00e9giment de Hussards","url":"https:\/\/amicale-8-hussards.com\/wp\/","logo":{"@type":"ImageObject","inLanguage":"fr-FR","@id":"https:\/\/amicale-8-hussards.com\/wp\/#\/schema\/logo\/image\/","url":"https:\/\/amicale-8-hussards.com\/wp\/wp-content\/uploads\/2022\/02\/insigne_8rh.gif","contentUrl":"https:\/\/amicale-8-hussards.com\/wp\/wp-content\/uploads\/2022\/02\/insigne_8rh.gif","width":175,"height":235,"caption":"Amicale des anciens du 8\u00e8me R\u00e9giment de Hussards"},"image":{"@id":"https:\/\/amicale-8-hussards.com\/wp\/#\/schema\/logo\/image\/"}},{"@type":"Person","@id":"https:\/\/amicale-8-hussards.com\/wp\/#\/schema\/person\/ec1bcdc99bd0fca26aad6a0dabe1df5a","name":"Webmaster","image":{"@type":"ImageObject","inLanguage":"fr-FR","@id":"https:\/\/secure.gravatar.com\/avatar\/9e9e20f91bc29befcb50896f67f2f29fbcd6b002c3b5fc09319f6dbe204ea4f8?s=96&d=mm&r=g","url":"https:\/\/secure.gravatar.com\/avatar\/9e9e20f91bc29befcb50896f67f2f29fbcd6b002c3b5fc09319f6dbe204ea4f8?s=96&d=mm&r=g","contentUrl":"https:\/\/secure.gravatar.com\/avatar\/9e9e20f91bc29befcb50896f67f2f29fbcd6b002c3b5fc09319f6dbe204ea4f8?s=96&d=mm&r=g","caption":"Webmaster"},"sameAs":["http:\/\/amicale-8-hussards.com\/wp"],"url":"https:\/\/amicale-8-hussards.com\/wp\/author\/p-barge\/"}]}},"_links":{"self":[{"href":"https:\/\/amicale-8-hussards.com\/wp\/wp-json\/wp\/v2\/posts\/5365","targetHints":{"allow":["GET"]}}],"collection":[{"href":"https:\/\/amicale-8-hussards.com\/wp\/wp-json\/wp\/v2\/posts"}],"about":[{"href":"https:\/\/amicale-8-hussards.com\/wp\/wp-json\/wp\/v2\/types\/post"}],"author":[{"embeddable":true,"href":"https:\/\/amicale-8-hussards.com\/wp\/wp-json\/wp\/v2\/users\/7"}],"replies":[{"embeddable":true,"href":"https:\/\/amicale-8-hussards.com\/wp\/wp-json\/wp\/v2\/comments?post=5365"}],"version-history":[{"count":18,"href":"https:\/\/amicale-8-hussards.com\/wp\/wp-json\/wp\/v2\/posts\/5365\/revisions"}],"predecessor-version":[{"id":5406,"href":"https:\/\/amicale-8-hussards.com\/wp\/wp-json\/wp\/v2\/posts\/5365\/revisions\/5406"}],"wp:featuredmedia":[{"embeddable":true,"href":"https:\/\/amicale-8-hussards.com\/wp\/wp-json\/wp\/v2\/media\/5373"}],"wp:attachment":[{"href":"https:\/\/amicale-8-hussards.com\/wp\/wp-json\/wp\/v2\/media?parent=5365"}],"wp:term":[{"taxonomy":"category","embeddable":true,"href":"https:\/\/amicale-8-hussards.com\/wp\/wp-json\/wp\/v2\/categories?post=5365"},{"taxonomy":"post_tag","embeddable":true,"href":"https:\/\/amicale-8-hussards.com\/wp\/wp-json\/wp\/v2\/tags?post=5365"}],"curies":[{"name":"wp","href":"https:\/\/api.w.org\/{rel}","templated":true}]}}