{"id":4161,"date":"2024-03-07T18:57:24","date_gmt":"2024-03-07T17:57:24","guid":{"rendered":"https:\/\/amicale-8-hussards.com\/wp\/?p=4161"},"modified":"2024-03-07T19:02:55","modified_gmt":"2024-03-07T18:02:55","slug":"deces-marcel-ravailler","status":"publish","type":"post","link":"https:\/\/amicale-8-hussards.com\/wp\/deces-marcel-ravailler\/","title":{"rendered":"D\u00e9c\u00e8s Marcel Ravailler"},"content":{"rendered":"\t\t<div data-elementor-type=\"wp-post\" data-elementor-id=\"4161\" class=\"elementor elementor-4161\">\n\t\t\t\t\t\t<section class=\"elementor-section elementor-top-section elementor-element elementor-element-3350301e elementor-section-boxed elementor-section-height-default elementor-section-height-default\" data-id=\"3350301e\" data-element_type=\"section\" data-e-type=\"section\">\n\t\t\t\t\t\t<div class=\"elementor-container elementor-column-gap-default\">\n\t\t\t\t\t<div class=\"elementor-column elementor-col-100 elementor-top-column elementor-element elementor-element-21208595\" data-id=\"21208595\" data-element_type=\"column\" data-e-type=\"column\">\n\t\t\t<div class=\"elementor-widget-wrap elementor-element-populated\">\n\t\t\t\t\t\t<div class=\"elementor-element elementor-element-5ba8f3d2 elementor-widget elementor-widget-heading\" data-id=\"5ba8f3d2\" data-element_type=\"widget\" data-e-type=\"widget\" data-widget_type=\"heading.default\">\n\t\t\t\t<div class=\"elementor-widget-container\">\n\t\t\t\t\t<h2 class=\"elementor-heading-title elementor-size-default\">D\u00e9c\u00e8s Marcel Ravailler<\/h2>\t\t\t\t<\/div>\n\t\t\t\t<\/div>\n\t\t\t\t\t<\/div>\n\t\t<\/div>\n\t\t\t\t\t<\/div>\n\t\t<\/section>\n\t\t\t\t<section class=\"elementor-section elementor-top-section elementor-element elementor-element-5f358b01 elementor-section-boxed elementor-section-height-default elementor-section-height-default\" data-id=\"5f358b01\" data-element_type=\"section\" data-e-type=\"section\">\n\t\t\t\t\t\t<div class=\"elementor-container elementor-column-gap-default\">\n\t\t\t\t\t<div class=\"elementor-column elementor-col-100 elementor-top-column elementor-element elementor-element-6a359e36\" data-id=\"6a359e36\" data-element_type=\"column\" data-e-type=\"column\">\n\t\t\t<div class=\"elementor-widget-wrap elementor-element-populated\">\n\t\t\t\t\t\t<section class=\"elementor-section elementor-inner-section elementor-element elementor-element-1f0b4f04 elementor-section-boxed elementor-section-height-default elementor-section-height-default\" data-id=\"1f0b4f04\" data-element_type=\"section\" data-e-type=\"section\" data-settings=\"{&quot;background_background&quot;:&quot;classic&quot;}\">\n\t\t\t\t\t\t<div class=\"elementor-container elementor-column-gap-narrow\">\n\t\t\t\t\t<div class=\"elementor-column elementor-col-50 elementor-inner-column elementor-element elementor-element-b02ebf9\" data-id=\"b02ebf9\" data-element_type=\"column\" data-e-type=\"column\">\n\t\t\t<div class=\"elementor-widget-wrap elementor-element-populated\">\n\t\t\t\t\t\t<div class=\"elementor-element elementor-element-30accdcf elementor-widget elementor-widget-image\" data-id=\"30accdcf\" data-element_type=\"widget\" data-e-type=\"widget\" data-widget_type=\"image.default\">\n\t\t\t\t<div class=\"elementor-widget-container\">\n\t\t\t\t\t\t\t\t\t\t\t\t\t\t\t\t<a href=\"https:\/\/amicale-8-hussards.com\/wp\/wp-content\/uploads\/2024\/03\/Marcel-RAVAILLER.jpg\" data-elementor-open-lightbox=\"yes\" data-elementor-lightbox-title=\"Marcel RAVAILLER\" data-e-action-hash=\"#elementor-action%3Aaction%3Dlightbox%26settings%3DeyJpZCI6NDE2MywidXJsIjoiaHR0cHM6XC9cL2FtaWNhbGUtOC1odXNzYXJkcy5jb21cL3dwXC93cC1jb250ZW50XC91cGxvYWRzXC8yMDI0XC8wM1wvTWFyY2VsLVJBVkFJTExFUi5qcGcifQ%3D%3D\">\n\t\t\t\t\t\t\t<img fetchpriority=\"high\" decoding=\"async\" width=\"2016\" height=\"1512\" src=\"https:\/\/amicale-8-hussards.com\/wp\/wp-content\/uploads\/2024\/03\/Marcel-RAVAILLER.jpg\" class=\"attachment-full size-full wp-image-4163 no-lazy\" alt=\"\" srcset=\"https:\/\/amicale-8-hussards.com\/wp\/wp-content\/uploads\/2024\/03\/Marcel-RAVAILLER.jpg 2016w, https:\/\/amicale-8-hussards.com\/wp\/wp-content\/uploads\/2024\/03\/Marcel-RAVAILLER-300x225.jpg 300w, https:\/\/amicale-8-hussards.com\/wp\/wp-content\/uploads\/2024\/03\/Marcel-RAVAILLER-1024x768.jpg 1024w, https:\/\/amicale-8-hussards.com\/wp\/wp-content\/uploads\/2024\/03\/Marcel-RAVAILLER-768x576.jpg 768w, https:\/\/amicale-8-hussards.com\/wp\/wp-content\/uploads\/2024\/03\/Marcel-RAVAILLER-1536x1152.jpg 1536w\" sizes=\"(max-width: 2016px) 100vw, 2016px\" \/>\t\t\t\t\t\t\t\t<\/a>\n\t\t\t\t\t\t\t\t\t\t\t\t\t\t\t<\/div>\n\t\t\t\t<\/div>\n\t\t\t\t\t<\/div>\n\t\t<\/div>\n\t\t\t\t<div class=\"elementor-column elementor-col-50 elementor-inner-column elementor-element elementor-element-5c49907f\" data-id=\"5c49907f\" data-element_type=\"column\" data-e-type=\"column\">\n\t\t\t<div class=\"elementor-widget-wrap elementor-element-populated\">\n\t\t\t\t\t\t<div class=\"elementor-element elementor-element-607bc8e8 elementor-widget elementor-widget-text-editor\" data-id=\"607bc8e8\" data-element_type=\"widget\" data-e-type=\"widget\" data-widget_type=\"text-editor.default\">\n\t\t\t\t<div class=\"elementor-widget-container\">\n\t\t\t\t\t\t\t\t\t<p>Nous venons d&rsquo;apprendre le d\u00e9c\u00e8s de Marcel RAVAILLER le 2 mars 2024 \u00e0 l&rsquo;\u00e2ge de 94 ans.<\/p><p><span style=\"font-style: inherit; font-weight: inherit; color: var( --e-global-color-text ); background-color: var( --e-global-color-7850e5f );\">Ses obs\u00e8ques ont \u00e9t\u00e9 c\u00e9l\u00e9br\u00e9es le 6 mars suivies de son inhumation au cimeti\u00e8re de ROVILLE devant BAYON (54290).<\/span><\/p><p>Ancien du 8\u00e8me Hussards de 1962 \u00e0 1966, il \u00e9tait membre de notre amicale depuis plus de 20 ans.<span style=\"font-style: inherit; font-weight: inherit; color: var( --e-global-color-text ); background-color: var( --e-global-color-7850e5f );\"><br \/><\/span><\/p>\t\t\t\t\t\t\t\t<\/div>\n\t\t\t\t<\/div>\n\t\t\t\t\t<\/div>\n\t\t<\/div>\n\t\t\t\t\t<\/div>\n\t\t<\/section>\n\t\t\t\t\t<\/div>\n\t\t<\/div>\n\t\t\t\t\t<\/div>\n\t\t<\/section>\n\t\t\t\t<\/div>\n\t\t","protected":false},"excerpt":{"rendered":"<p>D\u00e9c\u00e8s Marcel Ravailler Nous venons d&rsquo;apprendre le d\u00e9c\u00e8s de Marcel RAVAILLER le 2 mars 2024 \u00e0 l&rsquo;\u00e2ge de 94 ans. Ses obs\u00e8ques ont \u00e9t\u00e9 c\u00e9l\u00e9br\u00e9es le 6 mars suivies de son inhumation au cimeti\u00e8re de ROVILLE devant BAYON (54290). Ancien du 8\u00e8me Hussards de 1962 \u00e0 1966, il \u00e9tait membre de notre amicale depuis plus [&hellip;]<\/p>\n","protected":false},"author":7,"featured_media":4163,"comment_status":"open","ping_status":"open","sticky":false,"template":"","format":"standard","meta":{"site-sidebar-layout":"default","site-content-layout":"","ast-site-content-layout":"default","site-content-style":"default","site-sidebar-style":"default","ast-global-header-display":"","ast-banner-title-visibility":"","ast-main-header-display":"","ast-hfb-above-header-display":"","ast-hfb-below-header-display":"","ast-hfb-mobile-header-display":"","site-post-title":"","ast-breadcrumbs-content":"","ast-featured-img":"","footer-sml-layout":"","ast-disable-related-posts":"","theme-transparent-header-meta":"","adv-header-id-meta":"","stick-header-meta":"","header-above-stick-meta":"","header-main-stick-meta":"","header-below-stick-meta":"","astra-migrate-meta-layouts":"set","ast-page-background-enabled":"default","ast-page-background-meta":{"desktop":{"background-color":"","background-image":"","background-repeat":"repeat","background-position":"center center","background-size":"auto","background-attachment":"scroll","background-type":"","background-media":"","overlay-type":"","overlay-color":"","overlay-opacity":"","overlay-gradient":""},"tablet":{"background-color":"","background-image":"","background-repeat":"repeat","background-position":"center center","background-size":"auto","background-attachment":"scroll","background-type":"","background-media":"","overlay-type":"","overlay-color":"","overlay-opacity":"","overlay-gradient":""},"mobile":{"background-color":"","background-image":"","background-repeat":"repeat","background-position":"center center","background-size":"auto","background-attachment":"scroll","background-type":"","background-media":"","overlay-type":"","overlay-color":"","overlay-opacity":"","overlay-gradient":""}},"ast-content-background-meta":{"desktop":{"background-color":"var(--ast-global-color-5)","background-image":"","background-repeat":"repeat","background-position":"center center","background-size":"auto","background-attachment":"scroll","background-type":"","background-media":"","overlay-type":"","overlay-color":"","overlay-opacity":"","overlay-gradient":""},"tablet":{"background-color":"var(--ast-global-color-5)","background-image":"","background-repeat":"repeat","background-position":"center center","background-size":"auto","background-attachment":"scroll","background-type":"","background-media":"","overlay-type":"","overlay-color":"","overlay-opacity":"","overlay-gradient":""},"mobile":{"background-color":"var(--ast-global-color-5)","background-image":"","background-repeat":"repeat","background-position":"center center","background-size":"auto","background-attachment":"scroll","background-type":"","background-media":"","overlay-type":"","overlay-color":"","overlay-opacity":"","overlay-gradient":""}},"ngg_post_thumbnail":0,"footnotes":""},"categories":[16,17,10],"tags":[],"class_list":["post-4161","post","type-post","status-publish","format-standard","has-post-thumbnail","hentry","category-courrier-des-anciens","category-deces","category-les-membres"],"yoast_head":"<!-- This site is optimized with the Yoast SEO plugin v27.4 - https:\/\/yoast.com\/product\/yoast-seo-wordpress\/ -->\n<title>D\u00e9c\u00e8s Marcel Ravailler - Amicale des anciens du 8\u00e8me R\u00e9giment de Hussards<\/title>\n<meta name=\"robots\" content=\"index, follow, max-snippet:-1, max-image-preview:large, max-video-preview:-1\" \/>\n<link rel=\"canonical\" href=\"https:\/\/amicale-8-hussards.com\/wp\/deces-marcel-ravailler\/\" \/>\n<meta property=\"og:locale\" content=\"fr_FR\" \/>\n<meta property=\"og:type\" content=\"article\" \/>\n<meta property=\"og:title\" content=\"D\u00e9c\u00e8s Marcel Ravailler - Amicale des anciens du 8\u00e8me R\u00e9giment de Hussards\" \/>\n<meta property=\"og:description\" content=\"D\u00e9c\u00e8s Marcel Ravailler Nous venons d&rsquo;apprendre le d\u00e9c\u00e8s de Marcel RAVAILLER le 2 mars 2024 \u00e0 l&rsquo;\u00e2ge de 94 ans. Ses obs\u00e8ques ont \u00e9t\u00e9 c\u00e9l\u00e9br\u00e9es le 6 mars suivies de son inhumation au cimeti\u00e8re de ROVILLE devant BAYON (54290). Ancien du 8\u00e8me Hussards de 1962 \u00e0 1966, il \u00e9tait membre de notre amicale depuis plus [&hellip;]\" \/>\n<meta property=\"og:url\" content=\"https:\/\/amicale-8-hussards.com\/wp\/deces-marcel-ravailler\/\" \/>\n<meta property=\"og:site_name\" content=\"Amicale des anciens du 8\u00e8me R\u00e9giment de Hussards\" \/>\n<meta property=\"article:published_time\" content=\"2024-03-07T17:57:24+00:00\" \/>\n<meta property=\"article:modified_time\" content=\"2024-03-07T18:02:55+00:00\" \/>\n<meta property=\"og:image\" content=\"https:\/\/amicale-8-hussards.com\/wp\/wp-content\/uploads\/2024\/03\/Marcel-RAVAILLER.jpg\" \/>\n\t<meta property=\"og:image:width\" content=\"2016\" \/>\n\t<meta property=\"og:image:height\" content=\"1512\" \/>\n\t<meta property=\"og:image:type\" content=\"image\/jpeg\" \/>\n<meta name=\"author\" content=\"Webmaster\" \/>\n<meta name=\"twitter:card\" content=\"summary_large_image\" \/>\n<meta name=\"twitter:label1\" content=\"\u00c9crit par\" \/>\n\t<meta name=\"twitter:data1\" content=\"Webmaster\" \/>\n\t<meta name=\"twitter:label2\" content=\"Dur\u00e9e de lecture estim\u00e9e\" \/>\n\t<meta name=\"twitter:data2\" content=\"1 minute\" \/>\n<script type=\"application\/ld+json\" class=\"yoast-schema-graph\">{\"@context\":\"https:\\\/\\\/schema.org\",\"@graph\":[{\"@type\":\"Article\",\"@id\":\"https:\\\/\\\/amicale-8-hussards.com\\\/wp\\\/deces-marcel-ravailler\\\/#article\",\"isPartOf\":{\"@id\":\"https:\\\/\\\/amicale-8-hussards.com\\\/wp\\\/deces-marcel-ravailler\\\/\"},\"author\":{\"name\":\"Webmaster\",\"@id\":\"https:\\\/\\\/amicale-8-hussards.com\\\/wp\\\/#\\\/schema\\\/person\\\/ec1bcdc99bd0fca26aad6a0dabe1df5a\"},\"headline\":\"D\u00e9c\u00e8s Marcel Ravailler\",\"datePublished\":\"2024-03-07T17:57:24+00:00\",\"dateModified\":\"2024-03-07T18:02:55+00:00\",\"mainEntityOfPage\":{\"@id\":\"https:\\\/\\\/amicale-8-hussards.com\\\/wp\\\/deces-marcel-ravailler\\\/\"},\"wordCount\":64,\"commentCount\":0,\"publisher\":{\"@id\":\"https:\\\/\\\/amicale-8-hussards.com\\\/wp\\\/#organization\"},\"image\":{\"@id\":\"https:\\\/\\\/amicale-8-hussards.com\\\/wp\\\/deces-marcel-ravailler\\\/#primaryimage\"},\"thumbnailUrl\":\"https:\\\/\\\/amicale-8-hussards.com\\\/wp\\\/wp-content\\\/uploads\\\/2024\\\/03\\\/Marcel-RAVAILLER.jpg\",\"articleSection\":[\"Courrier des anciens\",\"D\u00e9c\u00e8s\",\"Les membres\"],\"inLanguage\":\"fr-FR\",\"potentialAction\":[{\"@type\":\"CommentAction\",\"name\":\"Comment\",\"target\":[\"https:\\\/\\\/amicale-8-hussards.com\\\/wp\\\/deces-marcel-ravailler\\\/#respond\"]}]},{\"@type\":\"WebPage\",\"@id\":\"https:\\\/\\\/amicale-8-hussards.com\\\/wp\\\/deces-marcel-ravailler\\\/\",\"url\":\"https:\\\/\\\/amicale-8-hussards.com\\\/wp\\\/deces-marcel-ravailler\\\/\",\"name\":\"D\u00e9c\u00e8s Marcel Ravailler - Amicale des anciens du 8\u00e8me R\u00e9giment de Hussards\",\"isPartOf\":{\"@id\":\"https:\\\/\\\/amicale-8-hussards.com\\\/wp\\\/#website\"},\"primaryImageOfPage\":{\"@id\":\"https:\\\/\\\/amicale-8-hussards.com\\\/wp\\\/deces-marcel-ravailler\\\/#primaryimage\"},\"image\":{\"@id\":\"https:\\\/\\\/amicale-8-hussards.com\\\/wp\\\/deces-marcel-ravailler\\\/#primaryimage\"},\"thumbnailUrl\":\"https:\\\/\\\/amicale-8-hussards.com\\\/wp\\\/wp-content\\\/uploads\\\/2024\\\/03\\\/Marcel-RAVAILLER.jpg\",\"datePublished\":\"2024-03-07T17:57:24+00:00\",\"dateModified\":\"2024-03-07T18:02:55+00:00\",\"breadcrumb\":{\"@id\":\"https:\\\/\\\/amicale-8-hussards.com\\\/wp\\\/deces-marcel-ravailler\\\/#breadcrumb\"},\"inLanguage\":\"fr-FR\",\"potentialAction\":[{\"@type\":\"ReadAction\",\"target\":[\"https:\\\/\\\/amicale-8-hussards.com\\\/wp\\\/deces-marcel-ravailler\\\/\"]}]},{\"@type\":\"ImageObject\",\"inLanguage\":\"fr-FR\",\"@id\":\"https:\\\/\\\/amicale-8-hussards.com\\\/wp\\\/deces-marcel-ravailler\\\/#primaryimage\",\"url\":\"https:\\\/\\\/amicale-8-hussards.com\\\/wp\\\/wp-content\\\/uploads\\\/2024\\\/03\\\/Marcel-RAVAILLER.jpg\",\"contentUrl\":\"https:\\\/\\\/amicale-8-hussards.com\\\/wp\\\/wp-content\\\/uploads\\\/2024\\\/03\\\/Marcel-RAVAILLER.jpg\",\"width\":2016,\"height\":1512},{\"@type\":\"BreadcrumbList\",\"@id\":\"https:\\\/\\\/amicale-8-hussards.com\\\/wp\\\/deces-marcel-ravailler\\\/#breadcrumb\",\"itemListElement\":[{\"@type\":\"ListItem\",\"position\":1,\"name\":\"Accueil\",\"item\":\"https:\\\/\\\/amicale-8-hussards.com\\\/wp\\\/\"},{\"@type\":\"ListItem\",\"position\":2,\"name\":\"D\u00e9c\u00e8s Marcel Ravailler\"}]},{\"@type\":\"WebSite\",\"@id\":\"https:\\\/\\\/amicale-8-hussards.com\\\/wp\\\/#website\",\"url\":\"https:\\\/\\\/amicale-8-hussards.com\\\/wp\\\/\",\"name\":\"Amicale des anciens du 8\u00e8me R\u00e9giment de Hussards\",\"description\":\"Et par Saint Georges ...\",\"publisher\":{\"@id\":\"https:\\\/\\\/amicale-8-hussards.com\\\/wp\\\/#organization\"},\"potentialAction\":[{\"@type\":\"SearchAction\",\"target\":{\"@type\":\"EntryPoint\",\"urlTemplate\":\"https:\\\/\\\/amicale-8-hussards.com\\\/wp\\\/?s={search_term_string}\"},\"query-input\":{\"@type\":\"PropertyValueSpecification\",\"valueRequired\":true,\"valueName\":\"search_term_string\"}}],\"inLanguage\":\"fr-FR\"},{\"@type\":\"Organization\",\"@id\":\"https:\\\/\\\/amicale-8-hussards.com\\\/wp\\\/#organization\",\"name\":\"Amicale des anciens du 8\u00e8me R\u00e9giment de Hussards\",\"url\":\"https:\\\/\\\/amicale-8-hussards.com\\\/wp\\\/\",\"logo\":{\"@type\":\"ImageObject\",\"inLanguage\":\"fr-FR\",\"@id\":\"https:\\\/\\\/amicale-8-hussards.com\\\/wp\\\/#\\\/schema\\\/logo\\\/image\\\/\",\"url\":\"https:\\\/\\\/amicale-8-hussards.com\\\/wp\\\/wp-content\\\/uploads\\\/2022\\\/02\\\/insigne_8rh.gif\",\"contentUrl\":\"https:\\\/\\\/amicale-8-hussards.com\\\/wp\\\/wp-content\\\/uploads\\\/2022\\\/02\\\/insigne_8rh.gif\",\"width\":175,\"height\":235,\"caption\":\"Amicale des anciens du 8\u00e8me R\u00e9giment de Hussards\"},\"image\":{\"@id\":\"https:\\\/\\\/amicale-8-hussards.com\\\/wp\\\/#\\\/schema\\\/logo\\\/image\\\/\"}},{\"@type\":\"Person\",\"@id\":\"https:\\\/\\\/amicale-8-hussards.com\\\/wp\\\/#\\\/schema\\\/person\\\/ec1bcdc99bd0fca26aad6a0dabe1df5a\",\"name\":\"Webmaster\",\"image\":{\"@type\":\"ImageObject\",\"inLanguage\":\"fr-FR\",\"@id\":\"https:\\\/\\\/secure.gravatar.com\\\/avatar\\\/9e9e20f91bc29befcb50896f67f2f29fbcd6b002c3b5fc09319f6dbe204ea4f8?s=96&d=mm&r=g\",\"url\":\"https:\\\/\\\/secure.gravatar.com\\\/avatar\\\/9e9e20f91bc29befcb50896f67f2f29fbcd6b002c3b5fc09319f6dbe204ea4f8?s=96&d=mm&r=g\",\"contentUrl\":\"https:\\\/\\\/secure.gravatar.com\\\/avatar\\\/9e9e20f91bc29befcb50896f67f2f29fbcd6b002c3b5fc09319f6dbe204ea4f8?s=96&d=mm&r=g\",\"caption\":\"Webmaster\"},\"sameAs\":[\"http:\\\/\\\/amicale-8-hussards.com\\\/wp\"],\"url\":\"https:\\\/\\\/amicale-8-hussards.com\\\/wp\\\/author\\\/p-barge\\\/\"}]}<\/script>\n<!-- \/ Yoast SEO plugin. -->","yoast_head_json":{"title":"D\u00e9c\u00e8s Marcel Ravailler - Amicale des anciens du 8\u00e8me R\u00e9giment de Hussards","robots":{"index":"index","follow":"follow","max-snippet":"max-snippet:-1","max-image-preview":"max-image-preview:large","max-video-preview":"max-video-preview:-1"},"canonical":"https:\/\/amicale-8-hussards.com\/wp\/deces-marcel-ravailler\/","og_locale":"fr_FR","og_type":"article","og_title":"D\u00e9c\u00e8s Marcel Ravailler - Amicale des anciens du 8\u00e8me R\u00e9giment de Hussards","og_description":"D\u00e9c\u00e8s Marcel Ravailler Nous venons d&rsquo;apprendre le d\u00e9c\u00e8s de Marcel RAVAILLER le 2 mars 2024 \u00e0 l&rsquo;\u00e2ge de 94 ans. Ses obs\u00e8ques ont \u00e9t\u00e9 c\u00e9l\u00e9br\u00e9es le 6 mars suivies de son inhumation au cimeti\u00e8re de ROVILLE devant BAYON (54290). Ancien du 8\u00e8me Hussards de 1962 \u00e0 1966, il \u00e9tait membre de notre amicale depuis plus [&hellip;]","og_url":"https:\/\/amicale-8-hussards.com\/wp\/deces-marcel-ravailler\/","og_site_name":"Amicale des anciens du 8\u00e8me R\u00e9giment de Hussards","article_published_time":"2024-03-07T17:57:24+00:00","article_modified_time":"2024-03-07T18:02:55+00:00","og_image":[{"width":2016,"height":1512,"url":"https:\/\/amicale-8-hussards.com\/wp\/wp-content\/uploads\/2024\/03\/Marcel-RAVAILLER.jpg","type":"image\/jpeg"}],"author":"Webmaster","twitter_card":"summary_large_image","twitter_misc":{"\u00c9crit par":"Webmaster","Dur\u00e9e de lecture estim\u00e9e":"1 minute"},"schema":{"@context":"https:\/\/schema.org","@graph":[{"@type":"Article","@id":"https:\/\/amicale-8-hussards.com\/wp\/deces-marcel-ravailler\/#article","isPartOf":{"@id":"https:\/\/amicale-8-hussards.com\/wp\/deces-marcel-ravailler\/"},"author":{"name":"Webmaster","@id":"https:\/\/amicale-8-hussards.com\/wp\/#\/schema\/person\/ec1bcdc99bd0fca26aad6a0dabe1df5a"},"headline":"D\u00e9c\u00e8s Marcel Ravailler","datePublished":"2024-03-07T17:57:24+00:00","dateModified":"2024-03-07T18:02:55+00:00","mainEntityOfPage":{"@id":"https:\/\/amicale-8-hussards.com\/wp\/deces-marcel-ravailler\/"},"wordCount":64,"commentCount":0,"publisher":{"@id":"https:\/\/amicale-8-hussards.com\/wp\/#organization"},"image":{"@id":"https:\/\/amicale-8-hussards.com\/wp\/deces-marcel-ravailler\/#primaryimage"},"thumbnailUrl":"https:\/\/amicale-8-hussards.com\/wp\/wp-content\/uploads\/2024\/03\/Marcel-RAVAILLER.jpg","articleSection":["Courrier des anciens","D\u00e9c\u00e8s","Les membres"],"inLanguage":"fr-FR","potentialAction":[{"@type":"CommentAction","name":"Comment","target":["https:\/\/amicale-8-hussards.com\/wp\/deces-marcel-ravailler\/#respond"]}]},{"@type":"WebPage","@id":"https:\/\/amicale-8-hussards.com\/wp\/deces-marcel-ravailler\/","url":"https:\/\/amicale-8-hussards.com\/wp\/deces-marcel-ravailler\/","name":"D\u00e9c\u00e8s Marcel Ravailler - Amicale des anciens du 8\u00e8me R\u00e9giment de Hussards","isPartOf":{"@id":"https:\/\/amicale-8-hussards.com\/wp\/#website"},"primaryImageOfPage":{"@id":"https:\/\/amicale-8-hussards.com\/wp\/deces-marcel-ravailler\/#primaryimage"},"image":{"@id":"https:\/\/amicale-8-hussards.com\/wp\/deces-marcel-ravailler\/#primaryimage"},"thumbnailUrl":"https:\/\/amicale-8-hussards.com\/wp\/wp-content\/uploads\/2024\/03\/Marcel-RAVAILLER.jpg","datePublished":"2024-03-07T17:57:24+00:00","dateModified":"2024-03-07T18:02:55+00:00","breadcrumb":{"@id":"https:\/\/amicale-8-hussards.com\/wp\/deces-marcel-ravailler\/#breadcrumb"},"inLanguage":"fr-FR","potentialAction":[{"@type":"ReadAction","target":["https:\/\/amicale-8-hussards.com\/wp\/deces-marcel-ravailler\/"]}]},{"@type":"ImageObject","inLanguage":"fr-FR","@id":"https:\/\/amicale-8-hussards.com\/wp\/deces-marcel-ravailler\/#primaryimage","url":"https:\/\/amicale-8-hussards.com\/wp\/wp-content\/uploads\/2024\/03\/Marcel-RAVAILLER.jpg","contentUrl":"https:\/\/amicale-8-hussards.com\/wp\/wp-content\/uploads\/2024\/03\/Marcel-RAVAILLER.jpg","width":2016,"height":1512},{"@type":"BreadcrumbList","@id":"https:\/\/amicale-8-hussards.com\/wp\/deces-marcel-ravailler\/#breadcrumb","itemListElement":[{"@type":"ListItem","position":1,"name":"Accueil","item":"https:\/\/amicale-8-hussards.com\/wp\/"},{"@type":"ListItem","position":2,"name":"D\u00e9c\u00e8s Marcel Ravailler"}]},{"@type":"WebSite","@id":"https:\/\/amicale-8-hussards.com\/wp\/#website","url":"https:\/\/amicale-8-hussards.com\/wp\/","name":"Amicale des anciens du 8\u00e8me R\u00e9giment de Hussards","description":"Et par Saint Georges ...","publisher":{"@id":"https:\/\/amicale-8-hussards.com\/wp\/#organization"},"potentialAction":[{"@type":"SearchAction","target":{"@type":"EntryPoint","urlTemplate":"https:\/\/amicale-8-hussards.com\/wp\/?s={search_term_string}"},"query-input":{"@type":"PropertyValueSpecification","valueRequired":true,"valueName":"search_term_string"}}],"inLanguage":"fr-FR"},{"@type":"Organization","@id":"https:\/\/amicale-8-hussards.com\/wp\/#organization","name":"Amicale des anciens du 8\u00e8me R\u00e9giment de Hussards","url":"https:\/\/amicale-8-hussards.com\/wp\/","logo":{"@type":"ImageObject","inLanguage":"fr-FR","@id":"https:\/\/amicale-8-hussards.com\/wp\/#\/schema\/logo\/image\/","url":"https:\/\/amicale-8-hussards.com\/wp\/wp-content\/uploads\/2022\/02\/insigne_8rh.gif","contentUrl":"https:\/\/amicale-8-hussards.com\/wp\/wp-content\/uploads\/2022\/02\/insigne_8rh.gif","width":175,"height":235,"caption":"Amicale des anciens du 8\u00e8me R\u00e9giment de Hussards"},"image":{"@id":"https:\/\/amicale-8-hussards.com\/wp\/#\/schema\/logo\/image\/"}},{"@type":"Person","@id":"https:\/\/amicale-8-hussards.com\/wp\/#\/schema\/person\/ec1bcdc99bd0fca26aad6a0dabe1df5a","name":"Webmaster","image":{"@type":"ImageObject","inLanguage":"fr-FR","@id":"https:\/\/secure.gravatar.com\/avatar\/9e9e20f91bc29befcb50896f67f2f29fbcd6b002c3b5fc09319f6dbe204ea4f8?s=96&d=mm&r=g","url":"https:\/\/secure.gravatar.com\/avatar\/9e9e20f91bc29befcb50896f67f2f29fbcd6b002c3b5fc09319f6dbe204ea4f8?s=96&d=mm&r=g","contentUrl":"https:\/\/secure.gravatar.com\/avatar\/9e9e20f91bc29befcb50896f67f2f29fbcd6b002c3b5fc09319f6dbe204ea4f8?s=96&d=mm&r=g","caption":"Webmaster"},"sameAs":["http:\/\/amicale-8-hussards.com\/wp"],"url":"https:\/\/amicale-8-hussards.com\/wp\/author\/p-barge\/"}]}},"_links":{"self":[{"href":"https:\/\/amicale-8-hussards.com\/wp\/wp-json\/wp\/v2\/posts\/4161","targetHints":{"allow":["GET"]}}],"collection":[{"href":"https:\/\/amicale-8-hussards.com\/wp\/wp-json\/wp\/v2\/posts"}],"about":[{"href":"https:\/\/amicale-8-hussards.com\/wp\/wp-json\/wp\/v2\/types\/post"}],"author":[{"embeddable":true,"href":"https:\/\/amicale-8-hussards.com\/wp\/wp-json\/wp\/v2\/users\/7"}],"replies":[{"embeddable":true,"href":"https:\/\/amicale-8-hussards.com\/wp\/wp-json\/wp\/v2\/comments?post=4161"}],"version-history":[{"count":10,"href":"https:\/\/amicale-8-hussards.com\/wp\/wp-json\/wp\/v2\/posts\/4161\/revisions"}],"predecessor-version":[{"id":4172,"href":"https:\/\/amicale-8-hussards.com\/wp\/wp-json\/wp\/v2\/posts\/4161\/revisions\/4172"}],"wp:featuredmedia":[{"embeddable":true,"href":"https:\/\/amicale-8-hussards.com\/wp\/wp-json\/wp\/v2\/media\/4163"}],"wp:attachment":[{"href":"https:\/\/amicale-8-hussards.com\/wp\/wp-json\/wp\/v2\/media?parent=4161"}],"wp:term":[{"taxonomy":"category","embeddable":true,"href":"https:\/\/amicale-8-hussards.com\/wp\/wp-json\/wp\/v2\/categories?post=4161"},{"taxonomy":"post_tag","embeddable":true,"href":"https:\/\/amicale-8-hussards.com\/wp\/wp-json\/wp\/v2\/tags?post=4161"}],"curies":[{"name":"wp","href":"https:\/\/api.w.org\/{rel}","templated":true}]}}