{"id":3761,"date":"2023-06-05T17:56:59","date_gmt":"2023-06-05T16:56:59","guid":{"rendered":"https:\/\/amicale-8-hussards.com\/wp\/?p=3761"},"modified":"2023-06-05T18:03:11","modified_gmt":"2023-06-05T17:03:11","slug":"deces-anne-pages","status":"publish","type":"post","link":"https:\/\/amicale-8-hussards.com\/wp\/deces-anne-pages\/","title":{"rendered":"D\u00e9c\u00e8s Anne Pag\u00e8s"},"content":{"rendered":"\t\t<div data-elementor-type=\"wp-post\" data-elementor-id=\"3761\" class=\"elementor elementor-3761\">\n\t\t\t\t\t\t<section class=\"elementor-section elementor-top-section elementor-element elementor-element-2487b7b elementor-section-boxed elementor-section-height-default elementor-section-height-default\" data-id=\"2487b7b\" data-element_type=\"section\" data-e-type=\"section\">\n\t\t\t\t\t\t<div class=\"elementor-container elementor-column-gap-default\">\n\t\t\t\t\t<div class=\"elementor-column elementor-col-100 elementor-top-column elementor-element elementor-element-67de546\" data-id=\"67de546\" data-element_type=\"column\" data-e-type=\"column\">\n\t\t\t<div class=\"elementor-widget-wrap elementor-element-populated\">\n\t\t\t\t\t\t<div class=\"elementor-element elementor-element-356085e5 elementor-widget elementor-widget-heading\" data-id=\"356085e5\" data-element_type=\"widget\" data-e-type=\"widget\" data-widget_type=\"heading.default\">\n\t\t\t\t<div class=\"elementor-widget-container\">\n\t\t\t\t\t<h2 class=\"elementor-heading-title elementor-size-default\">D\u00e9c\u00e8s Anne Pag\u00e8s<\/h2>\t\t\t\t<\/div>\n\t\t\t\t<\/div>\n\t\t\t\t\t<\/div>\n\t\t<\/div>\n\t\t\t\t\t<\/div>\n\t\t<\/section>\n\t\t\t\t<section class=\"elementor-section elementor-top-section elementor-element elementor-element-43971cd9 elementor-section-boxed elementor-section-height-default elementor-section-height-default\" data-id=\"43971cd9\" data-element_type=\"section\" data-e-type=\"section\">\n\t\t\t\t\t\t<div class=\"elementor-container elementor-column-gap-default\">\n\t\t\t\t\t<div class=\"elementor-column elementor-col-100 elementor-top-column elementor-element elementor-element-77f98f05\" data-id=\"77f98f05\" data-element_type=\"column\" data-e-type=\"column\">\n\t\t\t<div class=\"elementor-widget-wrap elementor-element-populated\">\n\t\t\t\t\t\t<section class=\"elementor-section elementor-inner-section elementor-element elementor-element-165631db elementor-section-boxed elementor-section-height-default elementor-section-height-default\" data-id=\"165631db\" data-element_type=\"section\" data-e-type=\"section\" data-settings=\"{&quot;background_background&quot;:&quot;classic&quot;}\">\n\t\t\t\t\t\t<div class=\"elementor-container elementor-column-gap-narrow\">\n\t\t\t\t\t<div class=\"elementor-column elementor-col-50 elementor-inner-column elementor-element elementor-element-2459330c\" data-id=\"2459330c\" data-element_type=\"column\" data-e-type=\"column\">\n\t\t\t<div class=\"elementor-widget-wrap elementor-element-populated\">\n\t\t\t\t\t\t<div class=\"elementor-element elementor-element-36e5d782 elementor-widget elementor-widget-image\" data-id=\"36e5d782\" data-element_type=\"widget\" data-e-type=\"widget\" data-widget_type=\"image.default\">\n\t\t\t\t<div class=\"elementor-widget-container\">\n\t\t\t\t\t\t\t\t\t\t\t\t\t\t\t<img fetchpriority=\"high\" decoding=\"async\" width=\"270\" height=\"270\" src=\"https:\/\/amicale-8-hussards.com\/wp\/wp-content\/uploads\/2021\/07\/croix_noire.webp\" class=\"attachment-medium_large size-medium_large wp-image-1314 no-lazy\" alt=\"\" srcset=\"https:\/\/amicale-8-hussards.com\/wp\/wp-content\/uploads\/2021\/07\/croix_noire.webp 270w, https:\/\/amicale-8-hussards.com\/wp\/wp-content\/uploads\/2021\/07\/croix_noire-150x150.webp 150w\" sizes=\"(max-width: 270px) 100vw, 270px\" \/>\t\t\t\t\t\t\t\t\t\t\t\t\t\t\t<\/div>\n\t\t\t\t<\/div>\n\t\t\t\t\t<\/div>\n\t\t<\/div>\n\t\t\t\t<div class=\"elementor-column elementor-col-50 elementor-inner-column elementor-element elementor-element-294bd104\" data-id=\"294bd104\" data-element_type=\"column\" data-e-type=\"column\">\n\t\t\t<div class=\"elementor-widget-wrap elementor-element-populated\">\n\t\t\t\t\t\t<div class=\"elementor-element elementor-element-99f80ec elementor-widget elementor-widget-text-editor\" data-id=\"99f80ec\" data-element_type=\"widget\" data-e-type=\"widget\" data-widget_type=\"text-editor.default\">\n\t\t\t\t<div class=\"elementor-widget-container\">\n\t\t\t\t\t\t\t\t\t<p>Nous avons appris le d\u00e9c\u00e8s de Anne PAGES, veuve du g\u00e9n\u00e9ral Jacques Pag\u00e8s, chef de corps du 8\u00e8me Hussards (1976 \u2013 1978), le 28 mai 2023.<\/p>\n<p><span style=\"font-style: inherit; font-weight: inherit; color: var( --e-global-color-text ); background-color: var( --e-global-color-7850e5f );\">Ses obs\u00e8ques se sont d\u00e9roul\u00e9es le samedi 3 juin \u00e0 Sercy (Sa\u00f4ne-et-Loire).<\/span><\/p>\n<p><span style=\"font-style: inherit; font-weight: inherit; color: var( --e-global-color-text ); background-color: var( --e-global-color-7850e5f );\">L\u2019Amicale pr\u00e9sente ses tr\u00e8s sinc\u00e8res condol\u00e9ances \u00e0 la famille et l\u2019assure de sa solidarit\u00e9.<\/span><br><\/p>\t\t\t\t\t\t\t\t<\/div>\n\t\t\t\t<\/div>\n\t\t\t\t\t<\/div>\n\t\t<\/div>\n\t\t\t\t\t<\/div>\n\t\t<\/section>\n\t\t\t\t\t<\/div>\n\t\t<\/div>\n\t\t\t\t\t<\/div>\n\t\t<\/section>\n\t\t\t\t<\/div>\n\t\t","protected":false},"excerpt":{"rendered":"<p>D\u00e9c\u00e8s Anne Pag\u00e8s Nous avons appris le d\u00e9c\u00e8s de Anne PAGES, veuve du g\u00e9n\u00e9ral Jacques Pag\u00e8s, chef de corps du 8\u00e8me Hussards (1976 \u2013 1978), le 28 mai 2023. Ses obs\u00e8ques se sont d\u00e9roul\u00e9es le samedi 3 juin \u00e0 Sercy (Sa\u00f4ne-et-Loire). L\u2019Amicale pr\u00e9sente ses tr\u00e8s sinc\u00e8res condol\u00e9ances \u00e0 la famille et l\u2019assure de sa solidarit\u00e9.<\/p>\n","protected":false},"author":6,"featured_media":1314,"comment_status":"open","ping_status":"open","sticky":false,"template":"","format":"standard","meta":{"site-sidebar-layout":"default","site-content-layout":"","ast-site-content-layout":"default","site-content-style":"default","site-sidebar-style":"default","ast-global-header-display":"","ast-banner-title-visibility":"","ast-main-header-display":"","ast-hfb-above-header-display":"","ast-hfb-below-header-display":"","ast-hfb-mobile-header-display":"","site-post-title":"","ast-breadcrumbs-content":"","ast-featured-img":"","footer-sml-layout":"","ast-disable-related-posts":"","theme-transparent-header-meta":"","adv-header-id-meta":"","stick-header-meta":"","header-above-stick-meta":"","header-main-stick-meta":"","header-below-stick-meta":"","astra-migrate-meta-layouts":"default","ast-page-background-enabled":"default","ast-page-background-meta":{"desktop":{"background-color":"","background-image":"","background-repeat":"repeat","background-position":"center center","background-size":"auto","background-attachment":"scroll","background-type":"","background-media":"","overlay-type":"","overlay-color":"","overlay-opacity":"","overlay-gradient":""},"tablet":{"background-color":"","background-image":"","background-repeat":"repeat","background-position":"center center","background-size":"auto","background-attachment":"scroll","background-type":"","background-media":"","overlay-type":"","overlay-color":"","overlay-opacity":"","overlay-gradient":""},"mobile":{"background-color":"","background-image":"","background-repeat":"repeat","background-position":"center center","background-size":"auto","background-attachment":"scroll","background-type":"","background-media":"","overlay-type":"","overlay-color":"","overlay-opacity":"","overlay-gradient":""}},"ast-content-background-meta":{"desktop":{"background-color":"var(--ast-global-color-5)","background-image":"","background-repeat":"repeat","background-position":"center center","background-size":"auto","background-attachment":"scroll","background-type":"","background-media":"","overlay-type":"","overlay-color":"","overlay-opacity":"","overlay-gradient":""},"tablet":{"background-color":"var(--ast-global-color-5)","background-image":"","background-repeat":"repeat","background-position":"center center","background-size":"auto","background-attachment":"scroll","background-type":"","background-media":"","overlay-type":"","overlay-color":"","overlay-opacity":"","overlay-gradient":""},"mobile":{"background-color":"var(--ast-global-color-5)","background-image":"","background-repeat":"repeat","background-position":"center center","background-size":"auto","background-attachment":"scroll","background-type":"","background-media":"","overlay-type":"","overlay-color":"","overlay-opacity":"","overlay-gradient":""}},"ngg_post_thumbnail":0,"footnotes":""},"categories":[16,17],"tags":[],"class_list":["post-3761","post","type-post","status-publish","format-standard","has-post-thumbnail","hentry","category-courrier-des-anciens","category-deces"],"yoast_head":"<!-- This site is optimized with the Yoast SEO plugin v27.4 - https:\/\/yoast.com\/product\/yoast-seo-wordpress\/ -->\n<title>D\u00e9c\u00e8s Anne Pag\u00e8s - Amicale des anciens du 8\u00e8me R\u00e9giment de Hussards<\/title>\n<meta name=\"robots\" content=\"index, follow, max-snippet:-1, max-image-preview:large, max-video-preview:-1\" \/>\n<link rel=\"canonical\" href=\"https:\/\/amicale-8-hussards.com\/wp\/deces-anne-pages\/\" \/>\n<meta property=\"og:locale\" content=\"fr_FR\" \/>\n<meta property=\"og:type\" content=\"article\" \/>\n<meta property=\"og:title\" content=\"D\u00e9c\u00e8s Anne Pag\u00e8s - Amicale des anciens du 8\u00e8me R\u00e9giment de Hussards\" \/>\n<meta property=\"og:description\" content=\"D\u00e9c\u00e8s Anne Pag\u00e8s Nous avons appris le d\u00e9c\u00e8s de Anne PAGES, veuve du g\u00e9n\u00e9ral Jacques Pag\u00e8s, chef de corps du 8\u00e8me Hussards (1976 \u2013 1978), le 28 mai 2023. Ses obs\u00e8ques se sont d\u00e9roul\u00e9es le samedi 3 juin \u00e0 Sercy (Sa\u00f4ne-et-Loire). L\u2019Amicale pr\u00e9sente ses tr\u00e8s sinc\u00e8res condol\u00e9ances \u00e0 la famille et l\u2019assure de sa solidarit\u00e9.\" \/>\n<meta property=\"og:url\" content=\"https:\/\/amicale-8-hussards.com\/wp\/deces-anne-pages\/\" \/>\n<meta property=\"og:site_name\" content=\"Amicale des anciens du 8\u00e8me R\u00e9giment de Hussards\" \/>\n<meta property=\"article:published_time\" content=\"2023-06-05T16:56:59+00:00\" \/>\n<meta property=\"article:modified_time\" content=\"2023-06-05T17:03:11+00:00\" \/>\n<meta property=\"og:image\" content=\"https:\/\/amicale-8-hussards.com\/wp\/wp-content\/uploads\/2021\/07\/croix_noire.webp\" \/>\n\t<meta property=\"og:image:width\" content=\"270\" \/>\n\t<meta property=\"og:image:height\" content=\"270\" \/>\n\t<meta property=\"og:image:type\" content=\"image\/webp\" \/>\n<meta name=\"author\" content=\"Gal Philippe Schmitt\" \/>\n<meta name=\"twitter:card\" content=\"summary_large_image\" \/>\n<meta name=\"twitter:label1\" content=\"\u00c9crit par\" \/>\n\t<meta name=\"twitter:data1\" content=\"Gal Philippe Schmitt\" \/>\n\t<meta name=\"twitter:label2\" content=\"Dur\u00e9e de lecture estim\u00e9e\" \/>\n\t<meta name=\"twitter:data2\" content=\"1 minute\" \/>\n<script type=\"application\/ld+json\" class=\"yoast-schema-graph\">{\"@context\":\"https:\\\/\\\/schema.org\",\"@graph\":[{\"@type\":\"Article\",\"@id\":\"https:\\\/\\\/amicale-8-hussards.com\\\/wp\\\/deces-anne-pages\\\/#article\",\"isPartOf\":{\"@id\":\"https:\\\/\\\/amicale-8-hussards.com\\\/wp\\\/deces-anne-pages\\\/\"},\"author\":{\"name\":\"Gal Philippe Schmitt\",\"@id\":\"https:\\\/\\\/amicale-8-hussards.com\\\/wp\\\/#\\\/schema\\\/person\\\/5bbcd3114128db83be7fd239361c2423\"},\"headline\":\"D\u00e9c\u00e8s Anne Pag\u00e8s\",\"datePublished\":\"2023-06-05T16:56:59+00:00\",\"dateModified\":\"2023-06-05T17:03:11+00:00\",\"mainEntityOfPage\":{\"@id\":\"https:\\\/\\\/amicale-8-hussards.com\\\/wp\\\/deces-anne-pages\\\/\"},\"wordCount\":71,\"commentCount\":0,\"publisher\":{\"@id\":\"https:\\\/\\\/amicale-8-hussards.com\\\/wp\\\/#organization\"},\"image\":{\"@id\":\"https:\\\/\\\/amicale-8-hussards.com\\\/wp\\\/deces-anne-pages\\\/#primaryimage\"},\"thumbnailUrl\":\"https:\\\/\\\/amicale-8-hussards.com\\\/wp\\\/wp-content\\\/uploads\\\/2021\\\/07\\\/croix_noire.webp\",\"articleSection\":[\"Courrier des anciens\",\"D\u00e9c\u00e8s\"],\"inLanguage\":\"fr-FR\",\"potentialAction\":[{\"@type\":\"CommentAction\",\"name\":\"Comment\",\"target\":[\"https:\\\/\\\/amicale-8-hussards.com\\\/wp\\\/deces-anne-pages\\\/#respond\"]}]},{\"@type\":\"WebPage\",\"@id\":\"https:\\\/\\\/amicale-8-hussards.com\\\/wp\\\/deces-anne-pages\\\/\",\"url\":\"https:\\\/\\\/amicale-8-hussards.com\\\/wp\\\/deces-anne-pages\\\/\",\"name\":\"D\u00e9c\u00e8s Anne Pag\u00e8s - Amicale des anciens du 8\u00e8me R\u00e9giment de Hussards\",\"isPartOf\":{\"@id\":\"https:\\\/\\\/amicale-8-hussards.com\\\/wp\\\/#website\"},\"primaryImageOfPage\":{\"@id\":\"https:\\\/\\\/amicale-8-hussards.com\\\/wp\\\/deces-anne-pages\\\/#primaryimage\"},\"image\":{\"@id\":\"https:\\\/\\\/amicale-8-hussards.com\\\/wp\\\/deces-anne-pages\\\/#primaryimage\"},\"thumbnailUrl\":\"https:\\\/\\\/amicale-8-hussards.com\\\/wp\\\/wp-content\\\/uploads\\\/2021\\\/07\\\/croix_noire.webp\",\"datePublished\":\"2023-06-05T16:56:59+00:00\",\"dateModified\":\"2023-06-05T17:03:11+00:00\",\"breadcrumb\":{\"@id\":\"https:\\\/\\\/amicale-8-hussards.com\\\/wp\\\/deces-anne-pages\\\/#breadcrumb\"},\"inLanguage\":\"fr-FR\",\"potentialAction\":[{\"@type\":\"ReadAction\",\"target\":[\"https:\\\/\\\/amicale-8-hussards.com\\\/wp\\\/deces-anne-pages\\\/\"]}]},{\"@type\":\"ImageObject\",\"inLanguage\":\"fr-FR\",\"@id\":\"https:\\\/\\\/amicale-8-hussards.com\\\/wp\\\/deces-anne-pages\\\/#primaryimage\",\"url\":\"https:\\\/\\\/amicale-8-hussards.com\\\/wp\\\/wp-content\\\/uploads\\\/2021\\\/07\\\/croix_noire.webp\",\"contentUrl\":\"https:\\\/\\\/amicale-8-hussards.com\\\/wp\\\/wp-content\\\/uploads\\\/2021\\\/07\\\/croix_noire.webp\",\"width\":270,\"height\":270},{\"@type\":\"BreadcrumbList\",\"@id\":\"https:\\\/\\\/amicale-8-hussards.com\\\/wp\\\/deces-anne-pages\\\/#breadcrumb\",\"itemListElement\":[{\"@type\":\"ListItem\",\"position\":1,\"name\":\"Accueil\",\"item\":\"https:\\\/\\\/amicale-8-hussards.com\\\/wp\\\/\"},{\"@type\":\"ListItem\",\"position\":2,\"name\":\"D\u00e9c\u00e8s Anne Pag\u00e8s\"}]},{\"@type\":\"WebSite\",\"@id\":\"https:\\\/\\\/amicale-8-hussards.com\\\/wp\\\/#website\",\"url\":\"https:\\\/\\\/amicale-8-hussards.com\\\/wp\\\/\",\"name\":\"Amicale des anciens du 8\u00e8me R\u00e9giment de Hussards\",\"description\":\"Et par Saint Georges ...\",\"publisher\":{\"@id\":\"https:\\\/\\\/amicale-8-hussards.com\\\/wp\\\/#organization\"},\"potentialAction\":[{\"@type\":\"SearchAction\",\"target\":{\"@type\":\"EntryPoint\",\"urlTemplate\":\"https:\\\/\\\/amicale-8-hussards.com\\\/wp\\\/?s={search_term_string}\"},\"query-input\":{\"@type\":\"PropertyValueSpecification\",\"valueRequired\":true,\"valueName\":\"search_term_string\"}}],\"inLanguage\":\"fr-FR\"},{\"@type\":\"Organization\",\"@id\":\"https:\\\/\\\/amicale-8-hussards.com\\\/wp\\\/#organization\",\"name\":\"Amicale des anciens du 8\u00e8me R\u00e9giment de Hussards\",\"url\":\"https:\\\/\\\/amicale-8-hussards.com\\\/wp\\\/\",\"logo\":{\"@type\":\"ImageObject\",\"inLanguage\":\"fr-FR\",\"@id\":\"https:\\\/\\\/amicale-8-hussards.com\\\/wp\\\/#\\\/schema\\\/logo\\\/image\\\/\",\"url\":\"https:\\\/\\\/amicale-8-hussards.com\\\/wp\\\/wp-content\\\/uploads\\\/2022\\\/02\\\/insigne_8rh.gif\",\"contentUrl\":\"https:\\\/\\\/amicale-8-hussards.com\\\/wp\\\/wp-content\\\/uploads\\\/2022\\\/02\\\/insigne_8rh.gif\",\"width\":175,\"height\":235,\"caption\":\"Amicale des anciens du 8\u00e8me R\u00e9giment de Hussards\"},\"image\":{\"@id\":\"https:\\\/\\\/amicale-8-hussards.com\\\/wp\\\/#\\\/schema\\\/logo\\\/image\\\/\"}},{\"@type\":\"Person\",\"@id\":\"https:\\\/\\\/amicale-8-hussards.com\\\/wp\\\/#\\\/schema\\\/person\\\/5bbcd3114128db83be7fd239361c2423\",\"name\":\"Gal Philippe Schmitt\",\"image\":{\"@type\":\"ImageObject\",\"inLanguage\":\"fr-FR\",\"@id\":\"https:\\\/\\\/secure.gravatar.com\\\/avatar\\\/c8e610d65372dcc992a7263c8108003d2ac0606fdb32305b3f159b0692925b79?s=96&d=mm&r=g\",\"url\":\"https:\\\/\\\/secure.gravatar.com\\\/avatar\\\/c8e610d65372dcc992a7263c8108003d2ac0606fdb32305b3f159b0692925b79?s=96&d=mm&r=g\",\"contentUrl\":\"https:\\\/\\\/secure.gravatar.com\\\/avatar\\\/c8e610d65372dcc992a7263c8108003d2ac0606fdb32305b3f159b0692925b79?s=96&d=mm&r=g\",\"caption\":\"Gal Philippe Schmitt\"},\"url\":\"https:\\\/\\\/amicale-8-hussards.com\\\/wp\\\/author\\\/schmitt\\\/\"}]}<\/script>\n<!-- \/ Yoast SEO plugin. -->","yoast_head_json":{"title":"D\u00e9c\u00e8s Anne Pag\u00e8s - Amicale des anciens du 8\u00e8me R\u00e9giment de Hussards","robots":{"index":"index","follow":"follow","max-snippet":"max-snippet:-1","max-image-preview":"max-image-preview:large","max-video-preview":"max-video-preview:-1"},"canonical":"https:\/\/amicale-8-hussards.com\/wp\/deces-anne-pages\/","og_locale":"fr_FR","og_type":"article","og_title":"D\u00e9c\u00e8s Anne Pag\u00e8s - Amicale des anciens du 8\u00e8me R\u00e9giment de Hussards","og_description":"D\u00e9c\u00e8s Anne Pag\u00e8s Nous avons appris le d\u00e9c\u00e8s de Anne PAGES, veuve du g\u00e9n\u00e9ral Jacques Pag\u00e8s, chef de corps du 8\u00e8me Hussards (1976 \u2013 1978), le 28 mai 2023. Ses obs\u00e8ques se sont d\u00e9roul\u00e9es le samedi 3 juin \u00e0 Sercy (Sa\u00f4ne-et-Loire). L\u2019Amicale pr\u00e9sente ses tr\u00e8s sinc\u00e8res condol\u00e9ances \u00e0 la famille et l\u2019assure de sa solidarit\u00e9.","og_url":"https:\/\/amicale-8-hussards.com\/wp\/deces-anne-pages\/","og_site_name":"Amicale des anciens du 8\u00e8me R\u00e9giment de Hussards","article_published_time":"2023-06-05T16:56:59+00:00","article_modified_time":"2023-06-05T17:03:11+00:00","og_image":[{"width":270,"height":270,"url":"https:\/\/amicale-8-hussards.com\/wp\/wp-content\/uploads\/2021\/07\/croix_noire.webp","type":"image\/webp"}],"author":"Gal Philippe Schmitt","twitter_card":"summary_large_image","twitter_misc":{"\u00c9crit par":"Gal Philippe Schmitt","Dur\u00e9e de lecture estim\u00e9e":"1 minute"},"schema":{"@context":"https:\/\/schema.org","@graph":[{"@type":"Article","@id":"https:\/\/amicale-8-hussards.com\/wp\/deces-anne-pages\/#article","isPartOf":{"@id":"https:\/\/amicale-8-hussards.com\/wp\/deces-anne-pages\/"},"author":{"name":"Gal Philippe Schmitt","@id":"https:\/\/amicale-8-hussards.com\/wp\/#\/schema\/person\/5bbcd3114128db83be7fd239361c2423"},"headline":"D\u00e9c\u00e8s Anne Pag\u00e8s","datePublished":"2023-06-05T16:56:59+00:00","dateModified":"2023-06-05T17:03:11+00:00","mainEntityOfPage":{"@id":"https:\/\/amicale-8-hussards.com\/wp\/deces-anne-pages\/"},"wordCount":71,"commentCount":0,"publisher":{"@id":"https:\/\/amicale-8-hussards.com\/wp\/#organization"},"image":{"@id":"https:\/\/amicale-8-hussards.com\/wp\/deces-anne-pages\/#primaryimage"},"thumbnailUrl":"https:\/\/amicale-8-hussards.com\/wp\/wp-content\/uploads\/2021\/07\/croix_noire.webp","articleSection":["Courrier des anciens","D\u00e9c\u00e8s"],"inLanguage":"fr-FR","potentialAction":[{"@type":"CommentAction","name":"Comment","target":["https:\/\/amicale-8-hussards.com\/wp\/deces-anne-pages\/#respond"]}]},{"@type":"WebPage","@id":"https:\/\/amicale-8-hussards.com\/wp\/deces-anne-pages\/","url":"https:\/\/amicale-8-hussards.com\/wp\/deces-anne-pages\/","name":"D\u00e9c\u00e8s Anne Pag\u00e8s - Amicale des anciens du 8\u00e8me R\u00e9giment de Hussards","isPartOf":{"@id":"https:\/\/amicale-8-hussards.com\/wp\/#website"},"primaryImageOfPage":{"@id":"https:\/\/amicale-8-hussards.com\/wp\/deces-anne-pages\/#primaryimage"},"image":{"@id":"https:\/\/amicale-8-hussards.com\/wp\/deces-anne-pages\/#primaryimage"},"thumbnailUrl":"https:\/\/amicale-8-hussards.com\/wp\/wp-content\/uploads\/2021\/07\/croix_noire.webp","datePublished":"2023-06-05T16:56:59+00:00","dateModified":"2023-06-05T17:03:11+00:00","breadcrumb":{"@id":"https:\/\/amicale-8-hussards.com\/wp\/deces-anne-pages\/#breadcrumb"},"inLanguage":"fr-FR","potentialAction":[{"@type":"ReadAction","target":["https:\/\/amicale-8-hussards.com\/wp\/deces-anne-pages\/"]}]},{"@type":"ImageObject","inLanguage":"fr-FR","@id":"https:\/\/amicale-8-hussards.com\/wp\/deces-anne-pages\/#primaryimage","url":"https:\/\/amicale-8-hussards.com\/wp\/wp-content\/uploads\/2021\/07\/croix_noire.webp","contentUrl":"https:\/\/amicale-8-hussards.com\/wp\/wp-content\/uploads\/2021\/07\/croix_noire.webp","width":270,"height":270},{"@type":"BreadcrumbList","@id":"https:\/\/amicale-8-hussards.com\/wp\/deces-anne-pages\/#breadcrumb","itemListElement":[{"@type":"ListItem","position":1,"name":"Accueil","item":"https:\/\/amicale-8-hussards.com\/wp\/"},{"@type":"ListItem","position":2,"name":"D\u00e9c\u00e8s Anne Pag\u00e8s"}]},{"@type":"WebSite","@id":"https:\/\/amicale-8-hussards.com\/wp\/#website","url":"https:\/\/amicale-8-hussards.com\/wp\/","name":"Amicale des anciens du 8\u00e8me R\u00e9giment de Hussards","description":"Et par Saint Georges ...","publisher":{"@id":"https:\/\/amicale-8-hussards.com\/wp\/#organization"},"potentialAction":[{"@type":"SearchAction","target":{"@type":"EntryPoint","urlTemplate":"https:\/\/amicale-8-hussards.com\/wp\/?s={search_term_string}"},"query-input":{"@type":"PropertyValueSpecification","valueRequired":true,"valueName":"search_term_string"}}],"inLanguage":"fr-FR"},{"@type":"Organization","@id":"https:\/\/amicale-8-hussards.com\/wp\/#organization","name":"Amicale des anciens du 8\u00e8me R\u00e9giment de Hussards","url":"https:\/\/amicale-8-hussards.com\/wp\/","logo":{"@type":"ImageObject","inLanguage":"fr-FR","@id":"https:\/\/amicale-8-hussards.com\/wp\/#\/schema\/logo\/image\/","url":"https:\/\/amicale-8-hussards.com\/wp\/wp-content\/uploads\/2022\/02\/insigne_8rh.gif","contentUrl":"https:\/\/amicale-8-hussards.com\/wp\/wp-content\/uploads\/2022\/02\/insigne_8rh.gif","width":175,"height":235,"caption":"Amicale des anciens du 8\u00e8me R\u00e9giment de Hussards"},"image":{"@id":"https:\/\/amicale-8-hussards.com\/wp\/#\/schema\/logo\/image\/"}},{"@type":"Person","@id":"https:\/\/amicale-8-hussards.com\/wp\/#\/schema\/person\/5bbcd3114128db83be7fd239361c2423","name":"Gal Philippe Schmitt","image":{"@type":"ImageObject","inLanguage":"fr-FR","@id":"https:\/\/secure.gravatar.com\/avatar\/c8e610d65372dcc992a7263c8108003d2ac0606fdb32305b3f159b0692925b79?s=96&d=mm&r=g","url":"https:\/\/secure.gravatar.com\/avatar\/c8e610d65372dcc992a7263c8108003d2ac0606fdb32305b3f159b0692925b79?s=96&d=mm&r=g","contentUrl":"https:\/\/secure.gravatar.com\/avatar\/c8e610d65372dcc992a7263c8108003d2ac0606fdb32305b3f159b0692925b79?s=96&d=mm&r=g","caption":"Gal Philippe Schmitt"},"url":"https:\/\/amicale-8-hussards.com\/wp\/author\/schmitt\/"}]}},"_links":{"self":[{"href":"https:\/\/amicale-8-hussards.com\/wp\/wp-json\/wp\/v2\/posts\/3761","targetHints":{"allow":["GET"]}}],"collection":[{"href":"https:\/\/amicale-8-hussards.com\/wp\/wp-json\/wp\/v2\/posts"}],"about":[{"href":"https:\/\/amicale-8-hussards.com\/wp\/wp-json\/wp\/v2\/types\/post"}],"author":[{"embeddable":true,"href":"https:\/\/amicale-8-hussards.com\/wp\/wp-json\/wp\/v2\/users\/6"}],"replies":[{"embeddable":true,"href":"https:\/\/amicale-8-hussards.com\/wp\/wp-json\/wp\/v2\/comments?post=3761"}],"version-history":[{"count":11,"href":"https:\/\/amicale-8-hussards.com\/wp\/wp-json\/wp\/v2\/posts\/3761\/revisions"}],"predecessor-version":[{"id":3773,"href":"https:\/\/amicale-8-hussards.com\/wp\/wp-json\/wp\/v2\/posts\/3761\/revisions\/3773"}],"wp:featuredmedia":[{"embeddable":true,"href":"https:\/\/amicale-8-hussards.com\/wp\/wp-json\/wp\/v2\/media\/1314"}],"wp:attachment":[{"href":"https:\/\/amicale-8-hussards.com\/wp\/wp-json\/wp\/v2\/media?parent=3761"}],"wp:term":[{"taxonomy":"category","embeddable":true,"href":"https:\/\/amicale-8-hussards.com\/wp\/wp-json\/wp\/v2\/categories?post=3761"},{"taxonomy":"post_tag","embeddable":true,"href":"https:\/\/amicale-8-hussards.com\/wp\/wp-json\/wp\/v2\/tags?post=3761"}],"curies":[{"name":"wp","href":"https:\/\/api.w.org\/{rel}","templated":true}]}}