{"id":3241,"date":"2023-02-07T16:37:07","date_gmt":"2023-02-07T14:37:07","guid":{"rendered":"https:\/\/amicale-8-hussards.com\/wp\/?p=3241"},"modified":"2023-02-07T17:21:10","modified_gmt":"2023-02-07T15:21:10","slug":"assemblee-generale-fanfare-2023","status":"publish","type":"post","link":"https:\/\/amicale-8-hussards.com\/wp\/assemblee-generale-fanfare-2023\/","title":{"rendered":"Assembl\u00e9e G\u00e9n\u00e9rale Fanfare"},"content":{"rendered":"\t\t<div data-elementor-type=\"wp-post\" data-elementor-id=\"3241\" class=\"elementor elementor-3241\">\n\t\t\t\t\t\t<section class=\"elementor-section elementor-top-section elementor-element elementor-element-298a8d7b elementor-section-boxed elementor-section-height-default elementor-section-height-default\" data-id=\"298a8d7b\" data-element_type=\"section\" data-e-type=\"section\">\n\t\t\t\t\t\t<div class=\"elementor-container elementor-column-gap-default\">\n\t\t\t\t\t<div class=\"elementor-column elementor-col-100 elementor-top-column elementor-element elementor-element-2e55401a\" data-id=\"2e55401a\" data-element_type=\"column\" data-e-type=\"column\">\n\t\t\t<div class=\"elementor-widget-wrap elementor-element-populated\">\n\t\t\t\t\t\t<div class=\"elementor-element elementor-element-2bbec002 elementor-widget elementor-widget-heading\" data-id=\"2bbec002\" data-element_type=\"widget\" data-e-type=\"widget\" data-widget_type=\"heading.default\">\n\t\t\t\t<div class=\"elementor-widget-container\">\n\t\t\t\t\t<h2 class=\"elementor-heading-title elementor-size-default\">Assembl\u00e9e G\u00e9n\u00e9rale Fanfare<\/h2>\t\t\t\t<\/div>\n\t\t\t\t<\/div>\n\t\t\t\t\t<\/div>\n\t\t<\/div>\n\t\t\t\t\t<\/div>\n\t\t<\/section>\n\t\t\t\t<section class=\"elementor-section elementor-top-section elementor-element elementor-element-5949ef87 elementor-section-boxed elementor-section-height-default elementor-section-height-default\" data-id=\"5949ef87\" data-element_type=\"section\" data-e-type=\"section\">\n\t\t\t\t\t\t<div class=\"elementor-container elementor-column-gap-default\">\n\t\t\t\t\t<div class=\"elementor-column elementor-col-100 elementor-top-column elementor-element elementor-element-13fff15c\" data-id=\"13fff15c\" data-element_type=\"column\" data-e-type=\"column\">\n\t\t\t<div class=\"elementor-widget-wrap elementor-element-populated\">\n\t\t\t\t\t\t<section class=\"elementor-section elementor-inner-section elementor-element elementor-element-4409de19 elementor-section-boxed elementor-section-height-default elementor-section-height-default\" data-id=\"4409de19\" data-element_type=\"section\" data-e-type=\"section\" data-settings=\"{&quot;background_background&quot;:&quot;gradient&quot;}\">\n\t\t\t\t\t\t<div class=\"elementor-container elementor-column-gap-narrow\">\n\t\t\t\t\t<div class=\"elementor-column elementor-col-50 elementor-inner-column elementor-element elementor-element-3b99ee8c\" data-id=\"3b99ee8c\" data-element_type=\"column\" data-e-type=\"column\">\n\t\t\t<div class=\"elementor-widget-wrap elementor-element-populated\">\n\t\t\t\t\t\t<div class=\"elementor-element elementor-element-75fda9e8 elementor-widget elementor-widget-image\" data-id=\"75fda9e8\" data-element_type=\"widget\" data-e-type=\"widget\" data-widget_type=\"image.default\">\n\t\t\t\t<div class=\"elementor-widget-container\">\n\t\t\t\t\t\t\t\t\t\t\t\t<figure class=\"wp-caption\">\n\t\t\t\t\t\t\t\t\t\t\t<a href=\"https:\/\/amicale-8-hussards.com\/wp\/wp-content\/uploads\/2023\/02\/ag-fanfare-scaled.jpg\" data-elementor-open-lightbox=\"yes\" data-elementor-lightbox-title=\"ag fanfare\" data-e-action-hash=\"#elementor-action%3Aaction%3Dlightbox%26settings%3DeyJpZCI6MzI0NSwidXJsIjoiaHR0cHM6XC9cL2FtaWNhbGUtOC1odXNzYXJkcy5jb21cL3dwXC93cC1jb250ZW50XC91cGxvYWRzXC8yMDIzXC8wMlwvYWctZmFuZmFyZS1zY2FsZWQuanBnIn0%3D\">\n\t\t\t\t\t\t\t<img fetchpriority=\"high\" decoding=\"async\" width=\"610\" height=\"1024\" src=\"https:\/\/amicale-8-hussards.com\/wp\/wp-content\/uploads\/2023\/02\/ag-fanfare-610x1024.jpg\" class=\"attachment-large size-large wp-image-3245 no-lazy\" alt=\"\" srcset=\"https:\/\/amicale-8-hussards.com\/wp\/wp-content\/uploads\/2023\/02\/ag-fanfare-610x1024.jpg 610w, https:\/\/amicale-8-hussards.com\/wp\/wp-content\/uploads\/2023\/02\/ag-fanfare-179x300.jpg 179w, https:\/\/amicale-8-hussards.com\/wp\/wp-content\/uploads\/2023\/02\/ag-fanfare-768x1290.jpg 768w, https:\/\/amicale-8-hussards.com\/wp\/wp-content\/uploads\/2023\/02\/ag-fanfare-915x1536.jpg 915w, https:\/\/amicale-8-hussards.com\/wp\/wp-content\/uploads\/2023\/02\/ag-fanfare-1220x2048.jpg 1220w, https:\/\/amicale-8-hussards.com\/wp\/wp-content\/uploads\/2023\/02\/ag-fanfare-scaled.jpg 1524w\" sizes=\"(max-width: 610px) 100vw, 610px\" \/>\t\t\t\t\t\t\t\t<\/a>\n\t\t\t\t\t\t\t\t\t\t\t<figcaption class=\"widget-image-caption wp-caption-text\">Cliquer pour agrandir<\/figcaption>\n\t\t\t\t\t\t\t\t\t\t<\/figure>\n\t\t\t\t\t\t\t\t\t<\/div>\n\t\t\t\t<\/div>\n\t\t\t\t\t<\/div>\n\t\t<\/div>\n\t\t\t\t<div class=\"elementor-column elementor-col-50 elementor-inner-column elementor-element elementor-element-5a13288\" data-id=\"5a13288\" data-element_type=\"column\" data-e-type=\"column\">\n\t\t\t<div class=\"elementor-widget-wrap elementor-element-populated\">\n\t\t\t\t\t\t<div class=\"elementor-element elementor-element-6aeb9a7c elementor-widget elementor-widget-text-editor\" data-id=\"6aeb9a7c\" data-element_type=\"widget\" data-e-type=\"widget\" data-widget_type=\"text-editor.default\">\n\t\t\t\t<div class=\"elementor-widget-container\">\n\t\t\t\t\t\t\t\t\t<p>\u00a0<\/p><p>C\u2019est avec grand plaisir que l\u2019amicale des anciens du 8<sup>\u00e8me<\/sup> R\u00e9giment de Hussards a particip\u00e9 ce dimanche 5 f\u00e9vrier \u00e0 l\u2019Assembl\u00e9e G\u00e9n\u00e9rale de la <strong>Fanfare des Hussards d\u2019Altkirch<\/strong>. Ce fut l\u2019occasion pour notre amicale d\u2019\u00e9changer avec son pr\u00e9sident et l\u2019ensemble de ses membres.<\/p><p>Nous avons \u00e9galement pu les remercier pour leur participation chaque ann\u00e9e \u00e0 notre journ\u00e9e au mois d\u2019avril et souligner l\u2019attachement des amicalistes \u00e0 la fanfare.<\/p><hr \/><p><img decoding=\"async\" class=\" wp-image-3244 aligncenter\" src=\"https:\/\/amicale-8-hussards.com\/wp\/wp-content\/uploads\/2023\/02\/IMG_20230205_114435-scaled.jpg\" alt=\"\" width=\"167\" height=\"223\" srcset=\"https:\/\/amicale-8-hussards.com\/wp\/wp-content\/uploads\/2023\/02\/IMG_20230205_114435-scaled.jpg 1920w, https:\/\/amicale-8-hussards.com\/wp\/wp-content\/uploads\/2023\/02\/IMG_20230205_114435-225x300.jpg 225w, https:\/\/amicale-8-hussards.com\/wp\/wp-content\/uploads\/2023\/02\/IMG_20230205_114435-768x1024.jpg 768w, https:\/\/amicale-8-hussards.com\/wp\/wp-content\/uploads\/2023\/02\/IMG_20230205_114435-1152x1536.jpg 1152w, https:\/\/amicale-8-hussards.com\/wp\/wp-content\/uploads\/2023\/02\/IMG_20230205_114435-1536x2048.jpg 1536w\" sizes=\"(max-width: 167px) 100vw, 167px\" \/><\/p><p><span style=\"color: #808080;\"><em>Cyril Muller le secr\u00e9taire de l\u2019amicale et Pierre Zappelini, Pr\u00e9sident de la Fanfare de cavalerie des Hussards d&rsquo;Altkirch<\/em><\/span><\/p>\t\t\t\t\t\t\t\t<\/div>\n\t\t\t\t<\/div>\n\t\t\t\t\t<\/div>\n\t\t<\/div>\n\t\t\t\t\t<\/div>\n\t\t<\/section>\n\t\t\t\t\t<\/div>\n\t\t<\/div>\n\t\t\t\t\t<\/div>\n\t\t<\/section>\n\t\t\t\t<\/div>\n\t\t","protected":false},"excerpt":{"rendered":"<p>Assembl\u00e9e G\u00e9n\u00e9rale Fanfare Cliquer pour agrandir \u00a0 C\u2019est avec grand plaisir que l\u2019amicale des anciens du 8\u00e8me R\u00e9giment de Hussards a particip\u00e9 ce dimanche 5 f\u00e9vrier \u00e0 l\u2019Assembl\u00e9e G\u00e9n\u00e9rale de la Fanfare des Hussards d\u2019Altkirch. Ce fut l\u2019occasion pour notre amicale d\u2019\u00e9changer avec son pr\u00e9sident et l\u2019ensemble de ses membres. Nous avons \u00e9galement pu les [&hellip;]<\/p>\n","protected":false},"author":7,"featured_media":3246,"comment_status":"open","ping_status":"open","sticky":false,"template":"","format":"standard","meta":{"site-sidebar-layout":"default","site-content-layout":"","ast-site-content-layout":"default","site-content-style":"default","site-sidebar-style":"default","ast-global-header-display":"","ast-banner-title-visibility":"","ast-main-header-display":"","ast-hfb-above-header-display":"","ast-hfb-below-header-display":"","ast-hfb-mobile-header-display":"","site-post-title":"","ast-breadcrumbs-content":"","ast-featured-img":"","footer-sml-layout":"","ast-disable-related-posts":"","theme-transparent-header-meta":"","adv-header-id-meta":"","stick-header-meta":"","header-above-stick-meta":"","header-main-stick-meta":"","header-below-stick-meta":"","astra-migrate-meta-layouts":"default","ast-page-background-enabled":"default","ast-page-background-meta":{"desktop":{"background-color":"","background-image":"","background-repeat":"repeat","background-position":"center center","background-size":"auto","background-attachment":"scroll","background-type":"","background-media":"","overlay-type":"","overlay-color":"","overlay-opacity":"","overlay-gradient":""},"tablet":{"background-color":"","background-image":"","background-repeat":"repeat","background-position":"center center","background-size":"auto","background-attachment":"scroll","background-type":"","background-media":"","overlay-type":"","overlay-color":"","overlay-opacity":"","overlay-gradient":""},"mobile":{"background-color":"","background-image":"","background-repeat":"repeat","background-position":"center center","background-size":"auto","background-attachment":"scroll","background-type":"","background-media":"","overlay-type":"","overlay-color":"","overlay-opacity":"","overlay-gradient":""}},"ast-content-background-meta":{"desktop":{"background-color":"var(--ast-global-color-5)","background-image":"","background-repeat":"repeat","background-position":"center center","background-size":"auto","background-attachment":"scroll","background-type":"","background-media":"","overlay-type":"","overlay-color":"","overlay-opacity":"","overlay-gradient":""},"tablet":{"background-color":"var(--ast-global-color-5)","background-image":"","background-repeat":"repeat","background-position":"center center","background-size":"auto","background-attachment":"scroll","background-type":"","background-media":"","overlay-type":"","overlay-color":"","overlay-opacity":"","overlay-gradient":""},"mobile":{"background-color":"var(--ast-global-color-5)","background-image":"","background-repeat":"repeat","background-position":"center center","background-size":"auto","background-attachment":"scroll","background-type":"","background-media":"","overlay-type":"","overlay-color":"","overlay-opacity":"","overlay-gradient":""}},"ngg_post_thumbnail":0,"footnotes":""},"categories":[16,10],"tags":[],"class_list":["post-3241","post","type-post","status-publish","format-standard","has-post-thumbnail","hentry","category-courrier-des-anciens","category-les-membres"],"yoast_head":"<!-- This site is optimized with the Yoast SEO plugin v27.4 - https:\/\/yoast.com\/product\/yoast-seo-wordpress\/ -->\n<title>Assembl\u00e9e G\u00e9n\u00e9rale Fanfare - Amicale des anciens du 8\u00e8me R\u00e9giment de Hussards<\/title>\n<meta name=\"robots\" content=\"index, follow, max-snippet:-1, max-image-preview:large, max-video-preview:-1\" \/>\n<link rel=\"canonical\" href=\"https:\/\/amicale-8-hussards.com\/wp\/assemblee-generale-fanfare-2023\/\" \/>\n<meta property=\"og:locale\" content=\"fr_FR\" \/>\n<meta property=\"og:type\" content=\"article\" \/>\n<meta property=\"og:title\" content=\"Assembl\u00e9e G\u00e9n\u00e9rale Fanfare - Amicale des anciens du 8\u00e8me R\u00e9giment de Hussards\" \/>\n<meta property=\"og:description\" content=\"Assembl\u00e9e G\u00e9n\u00e9rale Fanfare Cliquer pour agrandir \u00a0 C\u2019est avec grand plaisir que l\u2019amicale des anciens du 8\u00e8me R\u00e9giment de Hussards a particip\u00e9 ce dimanche 5 f\u00e9vrier \u00e0 l\u2019Assembl\u00e9e G\u00e9n\u00e9rale de la Fanfare des Hussards d\u2019Altkirch. Ce fut l\u2019occasion pour notre amicale d\u2019\u00e9changer avec son pr\u00e9sident et l\u2019ensemble de ses membres. Nous avons \u00e9galement pu les [&hellip;]\" \/>\n<meta property=\"og:url\" content=\"https:\/\/amicale-8-hussards.com\/wp\/assemblee-generale-fanfare-2023\/\" \/>\n<meta property=\"og:site_name\" content=\"Amicale des anciens du 8\u00e8me R\u00e9giment de Hussards\" \/>\n<meta property=\"article:published_time\" content=\"2023-02-07T14:37:07+00:00\" \/>\n<meta property=\"article:modified_time\" content=\"2023-02-07T15:21:10+00:00\" \/>\n<meta property=\"og:image\" content=\"https:\/\/amicale-8-hussards.com\/wp\/wp-content\/uploads\/2023\/02\/fanfare-de-cavalerie-des-hussards-d-altkirch-logo.jpg\" \/>\n\t<meta property=\"og:image:width\" content=\"480\" \/>\n\t<meta property=\"og:image:height\" content=\"400\" \/>\n\t<meta property=\"og:image:type\" content=\"image\/jpeg\" \/>\n<meta name=\"author\" content=\"Webmaster\" \/>\n<meta name=\"twitter:card\" content=\"summary_large_image\" \/>\n<meta name=\"twitter:label1\" content=\"\u00c9crit par\" \/>\n\t<meta name=\"twitter:data1\" content=\"Webmaster\" \/>\n\t<meta name=\"twitter:label2\" content=\"Dur\u00e9e de lecture estim\u00e9e\" \/>\n\t<meta name=\"twitter:data2\" content=\"1 minute\" \/>\n<script type=\"application\/ld+json\" class=\"yoast-schema-graph\">{\"@context\":\"https:\\\/\\\/schema.org\",\"@graph\":[{\"@type\":\"Article\",\"@id\":\"https:\\\/\\\/amicale-8-hussards.com\\\/wp\\\/assemblee-generale-fanfare-2023\\\/#article\",\"isPartOf\":{\"@id\":\"https:\\\/\\\/amicale-8-hussards.com\\\/wp\\\/assemblee-generale-fanfare-2023\\\/\"},\"author\":{\"name\":\"Webmaster\",\"@id\":\"https:\\\/\\\/amicale-8-hussards.com\\\/wp\\\/#\\\/schema\\\/person\\\/ec1bcdc99bd0fca26aad6a0dabe1df5a\"},\"headline\":\"Assembl\u00e9e G\u00e9n\u00e9rale Fanfare\",\"datePublished\":\"2023-02-07T14:37:07+00:00\",\"dateModified\":\"2023-02-07T15:21:10+00:00\",\"mainEntityOfPage\":{\"@id\":\"https:\\\/\\\/amicale-8-hussards.com\\\/wp\\\/assemblee-generale-fanfare-2023\\\/\"},\"wordCount\":118,\"commentCount\":0,\"publisher\":{\"@id\":\"https:\\\/\\\/amicale-8-hussards.com\\\/wp\\\/#organization\"},\"image\":{\"@id\":\"https:\\\/\\\/amicale-8-hussards.com\\\/wp\\\/assemblee-generale-fanfare-2023\\\/#primaryimage\"},\"thumbnailUrl\":\"https:\\\/\\\/amicale-8-hussards.com\\\/wp\\\/wp-content\\\/uploads\\\/2023\\\/02\\\/fanfare-de-cavalerie-des-hussards-d-altkirch-logo.jpg\",\"articleSection\":[\"Courrier des anciens\",\"Les membres\"],\"inLanguage\":\"fr-FR\",\"potentialAction\":[{\"@type\":\"CommentAction\",\"name\":\"Comment\",\"target\":[\"https:\\\/\\\/amicale-8-hussards.com\\\/wp\\\/assemblee-generale-fanfare-2023\\\/#respond\"]}]},{\"@type\":\"WebPage\",\"@id\":\"https:\\\/\\\/amicale-8-hussards.com\\\/wp\\\/assemblee-generale-fanfare-2023\\\/\",\"url\":\"https:\\\/\\\/amicale-8-hussards.com\\\/wp\\\/assemblee-generale-fanfare-2023\\\/\",\"name\":\"Assembl\u00e9e G\u00e9n\u00e9rale Fanfare - Amicale des anciens du 8\u00e8me R\u00e9giment de Hussards\",\"isPartOf\":{\"@id\":\"https:\\\/\\\/amicale-8-hussards.com\\\/wp\\\/#website\"},\"primaryImageOfPage\":{\"@id\":\"https:\\\/\\\/amicale-8-hussards.com\\\/wp\\\/assemblee-generale-fanfare-2023\\\/#primaryimage\"},\"image\":{\"@id\":\"https:\\\/\\\/amicale-8-hussards.com\\\/wp\\\/assemblee-generale-fanfare-2023\\\/#primaryimage\"},\"thumbnailUrl\":\"https:\\\/\\\/amicale-8-hussards.com\\\/wp\\\/wp-content\\\/uploads\\\/2023\\\/02\\\/fanfare-de-cavalerie-des-hussards-d-altkirch-logo.jpg\",\"datePublished\":\"2023-02-07T14:37:07+00:00\",\"dateModified\":\"2023-02-07T15:21:10+00:00\",\"breadcrumb\":{\"@id\":\"https:\\\/\\\/amicale-8-hussards.com\\\/wp\\\/assemblee-generale-fanfare-2023\\\/#breadcrumb\"},\"inLanguage\":\"fr-FR\",\"potentialAction\":[{\"@type\":\"ReadAction\",\"target\":[\"https:\\\/\\\/amicale-8-hussards.com\\\/wp\\\/assemblee-generale-fanfare-2023\\\/\"]}]},{\"@type\":\"ImageObject\",\"inLanguage\":\"fr-FR\",\"@id\":\"https:\\\/\\\/amicale-8-hussards.com\\\/wp\\\/assemblee-generale-fanfare-2023\\\/#primaryimage\",\"url\":\"https:\\\/\\\/amicale-8-hussards.com\\\/wp\\\/wp-content\\\/uploads\\\/2023\\\/02\\\/fanfare-de-cavalerie-des-hussards-d-altkirch-logo.jpg\",\"contentUrl\":\"https:\\\/\\\/amicale-8-hussards.com\\\/wp\\\/wp-content\\\/uploads\\\/2023\\\/02\\\/fanfare-de-cavalerie-des-hussards-d-altkirch-logo.jpg\",\"width\":480,\"height\":400},{\"@type\":\"BreadcrumbList\",\"@id\":\"https:\\\/\\\/amicale-8-hussards.com\\\/wp\\\/assemblee-generale-fanfare-2023\\\/#breadcrumb\",\"itemListElement\":[{\"@type\":\"ListItem\",\"position\":1,\"name\":\"Accueil\",\"item\":\"https:\\\/\\\/amicale-8-hussards.com\\\/wp\\\/\"},{\"@type\":\"ListItem\",\"position\":2,\"name\":\"Assembl\u00e9e G\u00e9n\u00e9rale Fanfare\"}]},{\"@type\":\"WebSite\",\"@id\":\"https:\\\/\\\/amicale-8-hussards.com\\\/wp\\\/#website\",\"url\":\"https:\\\/\\\/amicale-8-hussards.com\\\/wp\\\/\",\"name\":\"Amicale des anciens du 8\u00e8me R\u00e9giment de Hussards\",\"description\":\"Et par Saint Georges ...\",\"publisher\":{\"@id\":\"https:\\\/\\\/amicale-8-hussards.com\\\/wp\\\/#organization\"},\"potentialAction\":[{\"@type\":\"SearchAction\",\"target\":{\"@type\":\"EntryPoint\",\"urlTemplate\":\"https:\\\/\\\/amicale-8-hussards.com\\\/wp\\\/?s={search_term_string}\"},\"query-input\":{\"@type\":\"PropertyValueSpecification\",\"valueRequired\":true,\"valueName\":\"search_term_string\"}}],\"inLanguage\":\"fr-FR\"},{\"@type\":\"Organization\",\"@id\":\"https:\\\/\\\/amicale-8-hussards.com\\\/wp\\\/#organization\",\"name\":\"Amicale des anciens du 8\u00e8me R\u00e9giment de Hussards\",\"url\":\"https:\\\/\\\/amicale-8-hussards.com\\\/wp\\\/\",\"logo\":{\"@type\":\"ImageObject\",\"inLanguage\":\"fr-FR\",\"@id\":\"https:\\\/\\\/amicale-8-hussards.com\\\/wp\\\/#\\\/schema\\\/logo\\\/image\\\/\",\"url\":\"https:\\\/\\\/amicale-8-hussards.com\\\/wp\\\/wp-content\\\/uploads\\\/2022\\\/02\\\/insigne_8rh.gif\",\"contentUrl\":\"https:\\\/\\\/amicale-8-hussards.com\\\/wp\\\/wp-content\\\/uploads\\\/2022\\\/02\\\/insigne_8rh.gif\",\"width\":175,\"height\":235,\"caption\":\"Amicale des anciens du 8\u00e8me R\u00e9giment de Hussards\"},\"image\":{\"@id\":\"https:\\\/\\\/amicale-8-hussards.com\\\/wp\\\/#\\\/schema\\\/logo\\\/image\\\/\"}},{\"@type\":\"Person\",\"@id\":\"https:\\\/\\\/amicale-8-hussards.com\\\/wp\\\/#\\\/schema\\\/person\\\/ec1bcdc99bd0fca26aad6a0dabe1df5a\",\"name\":\"Webmaster\",\"image\":{\"@type\":\"ImageObject\",\"inLanguage\":\"fr-FR\",\"@id\":\"https:\\\/\\\/secure.gravatar.com\\\/avatar\\\/9e9e20f91bc29befcb50896f67f2f29fbcd6b002c3b5fc09319f6dbe204ea4f8?s=96&d=mm&r=g\",\"url\":\"https:\\\/\\\/secure.gravatar.com\\\/avatar\\\/9e9e20f91bc29befcb50896f67f2f29fbcd6b002c3b5fc09319f6dbe204ea4f8?s=96&d=mm&r=g\",\"contentUrl\":\"https:\\\/\\\/secure.gravatar.com\\\/avatar\\\/9e9e20f91bc29befcb50896f67f2f29fbcd6b002c3b5fc09319f6dbe204ea4f8?s=96&d=mm&r=g\",\"caption\":\"Webmaster\"},\"sameAs\":[\"http:\\\/\\\/amicale-8-hussards.com\\\/wp\"],\"url\":\"https:\\\/\\\/amicale-8-hussards.com\\\/wp\\\/author\\\/p-barge\\\/\"}]}<\/script>\n<!-- \/ Yoast SEO plugin. -->","yoast_head_json":{"title":"Assembl\u00e9e G\u00e9n\u00e9rale Fanfare - Amicale des anciens du 8\u00e8me R\u00e9giment de Hussards","robots":{"index":"index","follow":"follow","max-snippet":"max-snippet:-1","max-image-preview":"max-image-preview:large","max-video-preview":"max-video-preview:-1"},"canonical":"https:\/\/amicale-8-hussards.com\/wp\/assemblee-generale-fanfare-2023\/","og_locale":"fr_FR","og_type":"article","og_title":"Assembl\u00e9e G\u00e9n\u00e9rale Fanfare - Amicale des anciens du 8\u00e8me R\u00e9giment de Hussards","og_description":"Assembl\u00e9e G\u00e9n\u00e9rale Fanfare Cliquer pour agrandir \u00a0 C\u2019est avec grand plaisir que l\u2019amicale des anciens du 8\u00e8me R\u00e9giment de Hussards a particip\u00e9 ce dimanche 5 f\u00e9vrier \u00e0 l\u2019Assembl\u00e9e G\u00e9n\u00e9rale de la Fanfare des Hussards d\u2019Altkirch. Ce fut l\u2019occasion pour notre amicale d\u2019\u00e9changer avec son pr\u00e9sident et l\u2019ensemble de ses membres. Nous avons \u00e9galement pu les [&hellip;]","og_url":"https:\/\/amicale-8-hussards.com\/wp\/assemblee-generale-fanfare-2023\/","og_site_name":"Amicale des anciens du 8\u00e8me R\u00e9giment de Hussards","article_published_time":"2023-02-07T14:37:07+00:00","article_modified_time":"2023-02-07T15:21:10+00:00","og_image":[{"width":480,"height":400,"url":"https:\/\/amicale-8-hussards.com\/wp\/wp-content\/uploads\/2023\/02\/fanfare-de-cavalerie-des-hussards-d-altkirch-logo.jpg","type":"image\/jpeg"}],"author":"Webmaster","twitter_card":"summary_large_image","twitter_misc":{"\u00c9crit par":"Webmaster","Dur\u00e9e de lecture estim\u00e9e":"1 minute"},"schema":{"@context":"https:\/\/schema.org","@graph":[{"@type":"Article","@id":"https:\/\/amicale-8-hussards.com\/wp\/assemblee-generale-fanfare-2023\/#article","isPartOf":{"@id":"https:\/\/amicale-8-hussards.com\/wp\/assemblee-generale-fanfare-2023\/"},"author":{"name":"Webmaster","@id":"https:\/\/amicale-8-hussards.com\/wp\/#\/schema\/person\/ec1bcdc99bd0fca26aad6a0dabe1df5a"},"headline":"Assembl\u00e9e G\u00e9n\u00e9rale Fanfare","datePublished":"2023-02-07T14:37:07+00:00","dateModified":"2023-02-07T15:21:10+00:00","mainEntityOfPage":{"@id":"https:\/\/amicale-8-hussards.com\/wp\/assemblee-generale-fanfare-2023\/"},"wordCount":118,"commentCount":0,"publisher":{"@id":"https:\/\/amicale-8-hussards.com\/wp\/#organization"},"image":{"@id":"https:\/\/amicale-8-hussards.com\/wp\/assemblee-generale-fanfare-2023\/#primaryimage"},"thumbnailUrl":"https:\/\/amicale-8-hussards.com\/wp\/wp-content\/uploads\/2023\/02\/fanfare-de-cavalerie-des-hussards-d-altkirch-logo.jpg","articleSection":["Courrier des anciens","Les membres"],"inLanguage":"fr-FR","potentialAction":[{"@type":"CommentAction","name":"Comment","target":["https:\/\/amicale-8-hussards.com\/wp\/assemblee-generale-fanfare-2023\/#respond"]}]},{"@type":"WebPage","@id":"https:\/\/amicale-8-hussards.com\/wp\/assemblee-generale-fanfare-2023\/","url":"https:\/\/amicale-8-hussards.com\/wp\/assemblee-generale-fanfare-2023\/","name":"Assembl\u00e9e G\u00e9n\u00e9rale Fanfare - Amicale des anciens du 8\u00e8me R\u00e9giment de Hussards","isPartOf":{"@id":"https:\/\/amicale-8-hussards.com\/wp\/#website"},"primaryImageOfPage":{"@id":"https:\/\/amicale-8-hussards.com\/wp\/assemblee-generale-fanfare-2023\/#primaryimage"},"image":{"@id":"https:\/\/amicale-8-hussards.com\/wp\/assemblee-generale-fanfare-2023\/#primaryimage"},"thumbnailUrl":"https:\/\/amicale-8-hussards.com\/wp\/wp-content\/uploads\/2023\/02\/fanfare-de-cavalerie-des-hussards-d-altkirch-logo.jpg","datePublished":"2023-02-07T14:37:07+00:00","dateModified":"2023-02-07T15:21:10+00:00","breadcrumb":{"@id":"https:\/\/amicale-8-hussards.com\/wp\/assemblee-generale-fanfare-2023\/#breadcrumb"},"inLanguage":"fr-FR","potentialAction":[{"@type":"ReadAction","target":["https:\/\/amicale-8-hussards.com\/wp\/assemblee-generale-fanfare-2023\/"]}]},{"@type":"ImageObject","inLanguage":"fr-FR","@id":"https:\/\/amicale-8-hussards.com\/wp\/assemblee-generale-fanfare-2023\/#primaryimage","url":"https:\/\/amicale-8-hussards.com\/wp\/wp-content\/uploads\/2023\/02\/fanfare-de-cavalerie-des-hussards-d-altkirch-logo.jpg","contentUrl":"https:\/\/amicale-8-hussards.com\/wp\/wp-content\/uploads\/2023\/02\/fanfare-de-cavalerie-des-hussards-d-altkirch-logo.jpg","width":480,"height":400},{"@type":"BreadcrumbList","@id":"https:\/\/amicale-8-hussards.com\/wp\/assemblee-generale-fanfare-2023\/#breadcrumb","itemListElement":[{"@type":"ListItem","position":1,"name":"Accueil","item":"https:\/\/amicale-8-hussards.com\/wp\/"},{"@type":"ListItem","position":2,"name":"Assembl\u00e9e G\u00e9n\u00e9rale Fanfare"}]},{"@type":"WebSite","@id":"https:\/\/amicale-8-hussards.com\/wp\/#website","url":"https:\/\/amicale-8-hussards.com\/wp\/","name":"Amicale des anciens du 8\u00e8me R\u00e9giment de Hussards","description":"Et par Saint Georges ...","publisher":{"@id":"https:\/\/amicale-8-hussards.com\/wp\/#organization"},"potentialAction":[{"@type":"SearchAction","target":{"@type":"EntryPoint","urlTemplate":"https:\/\/amicale-8-hussards.com\/wp\/?s={search_term_string}"},"query-input":{"@type":"PropertyValueSpecification","valueRequired":true,"valueName":"search_term_string"}}],"inLanguage":"fr-FR"},{"@type":"Organization","@id":"https:\/\/amicale-8-hussards.com\/wp\/#organization","name":"Amicale des anciens du 8\u00e8me R\u00e9giment de Hussards","url":"https:\/\/amicale-8-hussards.com\/wp\/","logo":{"@type":"ImageObject","inLanguage":"fr-FR","@id":"https:\/\/amicale-8-hussards.com\/wp\/#\/schema\/logo\/image\/","url":"https:\/\/amicale-8-hussards.com\/wp\/wp-content\/uploads\/2022\/02\/insigne_8rh.gif","contentUrl":"https:\/\/amicale-8-hussards.com\/wp\/wp-content\/uploads\/2022\/02\/insigne_8rh.gif","width":175,"height":235,"caption":"Amicale des anciens du 8\u00e8me R\u00e9giment de Hussards"},"image":{"@id":"https:\/\/amicale-8-hussards.com\/wp\/#\/schema\/logo\/image\/"}},{"@type":"Person","@id":"https:\/\/amicale-8-hussards.com\/wp\/#\/schema\/person\/ec1bcdc99bd0fca26aad6a0dabe1df5a","name":"Webmaster","image":{"@type":"ImageObject","inLanguage":"fr-FR","@id":"https:\/\/secure.gravatar.com\/avatar\/9e9e20f91bc29befcb50896f67f2f29fbcd6b002c3b5fc09319f6dbe204ea4f8?s=96&d=mm&r=g","url":"https:\/\/secure.gravatar.com\/avatar\/9e9e20f91bc29befcb50896f67f2f29fbcd6b002c3b5fc09319f6dbe204ea4f8?s=96&d=mm&r=g","contentUrl":"https:\/\/secure.gravatar.com\/avatar\/9e9e20f91bc29befcb50896f67f2f29fbcd6b002c3b5fc09319f6dbe204ea4f8?s=96&d=mm&r=g","caption":"Webmaster"},"sameAs":["http:\/\/amicale-8-hussards.com\/wp"],"url":"https:\/\/amicale-8-hussards.com\/wp\/author\/p-barge\/"}]}},"_links":{"self":[{"href":"https:\/\/amicale-8-hussards.com\/wp\/wp-json\/wp\/v2\/posts\/3241","targetHints":{"allow":["GET"]}}],"collection":[{"href":"https:\/\/amicale-8-hussards.com\/wp\/wp-json\/wp\/v2\/posts"}],"about":[{"href":"https:\/\/amicale-8-hussards.com\/wp\/wp-json\/wp\/v2\/types\/post"}],"author":[{"embeddable":true,"href":"https:\/\/amicale-8-hussards.com\/wp\/wp-json\/wp\/v2\/users\/7"}],"replies":[{"embeddable":true,"href":"https:\/\/amicale-8-hussards.com\/wp\/wp-json\/wp\/v2\/comments?post=3241"}],"version-history":[{"count":32,"href":"https:\/\/amicale-8-hussards.com\/wp\/wp-json\/wp\/v2\/posts\/3241\/revisions"}],"predecessor-version":[{"id":3298,"href":"https:\/\/amicale-8-hussards.com\/wp\/wp-json\/wp\/v2\/posts\/3241\/revisions\/3298"}],"wp:featuredmedia":[{"embeddable":true,"href":"https:\/\/amicale-8-hussards.com\/wp\/wp-json\/wp\/v2\/media\/3246"}],"wp:attachment":[{"href":"https:\/\/amicale-8-hussards.com\/wp\/wp-json\/wp\/v2\/media?parent=3241"}],"wp:term":[{"taxonomy":"category","embeddable":true,"href":"https:\/\/amicale-8-hussards.com\/wp\/wp-json\/wp\/v2\/categories?post=3241"},{"taxonomy":"post_tag","embeddable":true,"href":"https:\/\/amicale-8-hussards.com\/wp\/wp-json\/wp\/v2\/tags?post=3241"}],"curies":[{"name":"wp","href":"https:\/\/api.w.org\/{rel}","templated":true}]}}