{"id":2818,"date":"2022-08-22T20:45:04","date_gmt":"2022-08-22T18:45:04","guid":{"rendered":"https:\/\/amicale-8-hussards.com\/wp\/?p=2818"},"modified":"2022-08-22T21:30:35","modified_gmt":"2022-08-22T19:30:35","slug":"elementor-2818","status":"publish","type":"post","link":"https:\/\/amicale-8-hussards.com\/wp\/elementor-2818\/","title":{"rendered":"Album photos : Jan San &#8211; 1971"},"content":{"rendered":"\t\t<div data-elementor-type=\"wp-post\" data-elementor-id=\"2818\" class=\"elementor elementor-2818\">\n\t\t\t\t\t\t<section class=\"elementor-section elementor-top-section elementor-element elementor-element-1751cbd3 elementor-section-boxed elementor-section-height-default elementor-section-height-default\" data-id=\"1751cbd3\" data-element_type=\"section\" data-e-type=\"section\">\n\t\t\t\t\t\t<div class=\"elementor-container elementor-column-gap-default\">\n\t\t\t\t\t<div class=\"elementor-column elementor-col-100 elementor-top-column elementor-element elementor-element-2840af30\" data-id=\"2840af30\" data-element_type=\"column\" data-e-type=\"column\">\n\t\t\t<div class=\"elementor-widget-wrap elementor-element-populated\">\n\t\t\t\t\t\t<div class=\"elementor-element elementor-element-22dda004 elementor-widget elementor-widget-heading\" data-id=\"22dda004\" data-element_type=\"widget\" data-e-type=\"widget\" data-widget_type=\"heading.default\">\n\t\t\t\t<div class=\"elementor-widget-container\">\n\t\t\t\t\t<h2 class=\"elementor-heading-title elementor-size-default\">Album photos : Jan San - 1971<\/h2>\t\t\t\t<\/div>\n\t\t\t\t<\/div>\n\t\t\t\t\t<\/div>\n\t\t<\/div>\n\t\t\t\t\t<\/div>\n\t\t<\/section>\n\t\t\t\t<section class=\"elementor-section elementor-top-section elementor-element elementor-element-dcc0fe5 elementor-section-boxed elementor-section-height-default elementor-section-height-default\" data-id=\"dcc0fe5\" data-element_type=\"section\" data-e-type=\"section\">\n\t\t\t\t\t\t<div class=\"elementor-container elementor-column-gap-default\">\n\t\t\t\t\t<div class=\"elementor-column elementor-col-100 elementor-top-column elementor-element elementor-element-83a8e9b\" data-id=\"83a8e9b\" data-element_type=\"column\" data-e-type=\"column\">\n\t\t\t<div class=\"elementor-widget-wrap elementor-element-populated\">\n\t\t\t\t\t\t<div class=\"elementor-element elementor-element-9aa9658 elementor-widget elementor-widget-text-editor\" data-id=\"9aa9658\" data-element_type=\"widget\" data-e-type=\"widget\" data-widget_type=\"text-editor.default\">\n\t\t\t\t<div class=\"elementor-widget-container\">\n\t\t\t\t\t\t\t\t\t<p><strong>Je faisais parti du 2\u00b0 escadron ( P C) : capitaine Boucher, lieutenant de Courrege<\/strong><\/p><p><strong>\u00a0Pour la petite histoire, en 2010 (j&rsquo;\u00e9tais chauffeur assistant homme \u00e0 tout faire d&rsquo;un homme politique) \u00e0 la sortie d&rsquo;un d\u00eener je me suis trouv\u00e9 nez \u00e0 nez avec l&rsquo;ex lieutenant de Courrege \u00a0(il \u00e9tait g\u00e9n\u00e9ral \u00e0 Bordeaux). <br \/>Je me suis pr\u00e9sent\u00e9 et il a ri quand je lui ai dit que quelques d\u00e9cennies plus t\u00f4t je fus son chauffeur. Il fut surpris et mon patron aussi.<\/strong><\/p>\t\t\t\t\t\t\t\t<\/div>\n\t\t\t\t<\/div>\n\t\t\t\t\t<\/div>\n\t\t<\/div>\n\t\t\t\t\t<\/div>\n\t\t<\/section>\n\t\t\t\t<section class=\"elementor-section elementor-top-section elementor-element elementor-element-c993f08 elementor-section-boxed elementor-section-height-default elementor-section-height-default\" data-id=\"c993f08\" data-element_type=\"section\" data-e-type=\"section\">\n\t\t\t\t\t\t<div class=\"elementor-container elementor-column-gap-default\">\n\t\t\t\t\t<div class=\"elementor-column elementor-col-100 elementor-top-column elementor-element elementor-element-9c735a8\" data-id=\"9c735a8\" data-element_type=\"column\" data-e-type=\"column\">\n\t\t\t<div class=\"elementor-widget-wrap elementor-element-populated\">\n\t\t\t\t\t\t<div class=\"elementor-element elementor-element-9b388b9 elementor-widget elementor-widget-text-editor\" data-id=\"9b388b9\" data-element_type=\"widget\" data-e-type=\"widget\" data-widget_type=\"text-editor.default\">\n\t\t\t\t<div class=\"elementor-widget-container\">\n\t\t\t\t\t\t\t\t\tngg_shortcode_0_placeholder\t\t\t\t\t\t\t\t<\/div>\n\t\t\t\t<\/div>\n\t\t\t\t\t<\/div>\n\t\t<\/div>\n\t\t\t\t\t<\/div>\n\t\t<\/section>\n\t\t\t\t<section class=\"elementor-section elementor-top-section elementor-element elementor-element-2c61eb29 elementor-section-boxed elementor-section-height-default elementor-section-height-default\" data-id=\"2c61eb29\" data-element_type=\"section\" data-e-type=\"section\">\n\t\t\t\t\t\t<div class=\"elementor-container elementor-column-gap-default\">\n\t\t\t\t\t<div class=\"elementor-column elementor-col-100 elementor-top-column elementor-element elementor-element-6f139a00\" data-id=\"6f139a00\" data-element_type=\"column\" data-e-type=\"column\">\n\t\t\t<div class=\"elementor-widget-wrap\">\n\t\t\t\t\t\t\t<\/div>\n\t\t<\/div>\n\t\t\t\t\t<\/div>\n\t\t<\/section>\n\t\t\t\t<\/div>\n\t\t","protected":false},"excerpt":{"rendered":"<p>Album photos : Jan San &#8211; 1971 Je faisais parti du 2\u00b0 escadron ( P C) : capitaine Boucher, lieutenant de Courrege \u00a0Pour la petite histoire, en 2010 (j&rsquo;\u00e9tais chauffeur assistant homme \u00e0 tout faire d&rsquo;un homme politique) \u00e0 la sortie d&rsquo;un d\u00eener je me suis trouv\u00e9 nez \u00e0 nez avec l&rsquo;ex lieutenant de Courrege [&hellip;]<\/p>\n","protected":false},"author":7,"featured_media":2821,"comment_status":"open","ping_status":"open","sticky":false,"template":"","format":"standard","meta":{"site-sidebar-layout":"default","site-content-layout":"","ast-site-content-layout":"default","site-content-style":"default","site-sidebar-style":"default","ast-global-header-display":"","ast-banner-title-visibility":"","ast-main-header-display":"","ast-hfb-above-header-display":"","ast-hfb-below-header-display":"","ast-hfb-mobile-header-display":"","site-post-title":"","ast-breadcrumbs-content":"","ast-featured-img":"","footer-sml-layout":"","ast-disable-related-posts":"","theme-transparent-header-meta":"","adv-header-id-meta":"","stick-header-meta":"","header-above-stick-meta":"","header-main-stick-meta":"","header-below-stick-meta":"","astra-migrate-meta-layouts":"default","ast-page-background-enabled":"default","ast-page-background-meta":{"desktop":{"background-color":"","background-image":"","background-repeat":"repeat","background-position":"center center","background-size":"auto","background-attachment":"scroll","background-type":"","background-media":"","overlay-type":"","overlay-color":"","overlay-opacity":"","overlay-gradient":""},"tablet":{"background-color":"","background-image":"","background-repeat":"repeat","background-position":"center center","background-size":"auto","background-attachment":"scroll","background-type":"","background-media":"","overlay-type":"","overlay-color":"","overlay-opacity":"","overlay-gradient":""},"mobile":{"background-color":"","background-image":"","background-repeat":"repeat","background-position":"center center","background-size":"auto","background-attachment":"scroll","background-type":"","background-media":"","overlay-type":"","overlay-color":"","overlay-opacity":"","overlay-gradient":""}},"ast-content-background-meta":{"desktop":{"background-color":"var(--ast-global-color-5)","background-image":"","background-repeat":"repeat","background-position":"center center","background-size":"auto","background-attachment":"scroll","background-type":"","background-media":"","overlay-type":"","overlay-color":"","overlay-opacity":"","overlay-gradient":""},"tablet":{"background-color":"var(--ast-global-color-5)","background-image":"","background-repeat":"repeat","background-position":"center center","background-size":"auto","background-attachment":"scroll","background-type":"","background-media":"","overlay-type":"","overlay-color":"","overlay-opacity":"","overlay-gradient":""},"mobile":{"background-color":"var(--ast-global-color-5)","background-image":"","background-repeat":"repeat","background-position":"center center","background-size":"auto","background-attachment":"scroll","background-type":"","background-media":"","overlay-type":"","overlay-color":"","overlay-opacity":"","overlay-gradient":""}},"ngg_post_thumbnail":0,"footnotes":""},"categories":[25,16,10],"tags":[],"class_list":["post-2818","post","type-post","status-publish","format-standard","has-post-thumbnail","hentry","category-album-photos","category-courrier-des-anciens","category-les-membres"],"yoast_head":"<!-- This site is optimized with the Yoast SEO plugin v27.4 - https:\/\/yoast.com\/product\/yoast-seo-wordpress\/ -->\n<title>Album photos : Jan San - 1971 - Amicale des anciens du 8\u00e8me R\u00e9giment de Hussards<\/title>\n<meta name=\"robots\" content=\"index, follow, max-snippet:-1, max-image-preview:large, max-video-preview:-1\" \/>\n<link rel=\"canonical\" href=\"https:\/\/amicale-8-hussards.com\/wp\/elementor-2818\/\" \/>\n<meta property=\"og:locale\" content=\"fr_FR\" \/>\n<meta property=\"og:type\" content=\"article\" \/>\n<meta property=\"og:title\" content=\"Album photos : Jan San - 1971 - Amicale des anciens du 8\u00e8me R\u00e9giment de Hussards\" \/>\n<meta property=\"og:description\" content=\"Album photos : Jan San &#8211; 1971 Je faisais parti du 2\u00b0 escadron ( P C) : capitaine Boucher, lieutenant de Courrege \u00a0Pour la petite histoire, en 2010 (j&rsquo;\u00e9tais chauffeur assistant homme \u00e0 tout faire d&rsquo;un homme politique) \u00e0 la sortie d&rsquo;un d\u00eener je me suis trouv\u00e9 nez \u00e0 nez avec l&rsquo;ex lieutenant de Courrege [&hellip;]\" \/>\n<meta property=\"og:url\" content=\"https:\/\/amicale-8-hussards.com\/wp\/elementor-2818\/\" \/>\n<meta property=\"og:site_name\" content=\"Amicale des anciens du 8\u00e8me R\u00e9giment de Hussards\" \/>\n<meta property=\"article:published_time\" content=\"2022-08-22T18:45:04+00:00\" \/>\n<meta property=\"article:modified_time\" content=\"2022-08-22T19:30:35+00:00\" \/>\n<meta property=\"og:image\" content=\"https:\/\/amicale-8-hussards.com\/wp\/wp-content\/uploads\/2022\/08\/4.-Portes-Ouvertes-Jean-SAn.jpg\" \/>\n\t<meta property=\"og:image:width\" content=\"672\" \/>\n\t<meta property=\"og:image:height\" content=\"678\" \/>\n\t<meta property=\"og:image:type\" content=\"image\/jpeg\" \/>\n<meta name=\"author\" content=\"Webmaster\" \/>\n<meta name=\"twitter:card\" content=\"summary_large_image\" \/>\n<meta name=\"twitter:label1\" content=\"\u00c9crit par\" \/>\n\t<meta name=\"twitter:data1\" content=\"Webmaster\" \/>\n\t<meta name=\"twitter:label2\" content=\"Dur\u00e9e de lecture estim\u00e9e\" \/>\n\t<meta name=\"twitter:data2\" content=\"2 minutes\" \/>\n<script type=\"application\/ld+json\" class=\"yoast-schema-graph\">{\"@context\":\"https:\\\/\\\/schema.org\",\"@graph\":[{\"@type\":\"Article\",\"@id\":\"https:\\\/\\\/amicale-8-hussards.com\\\/wp\\\/elementor-2818\\\/#article\",\"isPartOf\":{\"@id\":\"https:\\\/\\\/amicale-8-hussards.com\\\/wp\\\/elementor-2818\\\/\"},\"author\":{\"name\":\"Webmaster\",\"@id\":\"https:\\\/\\\/amicale-8-hussards.com\\\/wp\\\/#\\\/schema\\\/person\\\/ec1bcdc99bd0fca26aad6a0dabe1df5a\"},\"headline\":\"Album photos : Jan San &#8211; 1971\",\"datePublished\":\"2022-08-22T18:45:04+00:00\",\"dateModified\":\"2022-08-22T19:30:35+00:00\",\"mainEntityOfPage\":{\"@id\":\"https:\\\/\\\/amicale-8-hussards.com\\\/wp\\\/elementor-2818\\\/\"},\"wordCount\":101,\"commentCount\":0,\"publisher\":{\"@id\":\"https:\\\/\\\/amicale-8-hussards.com\\\/wp\\\/#organization\"},\"image\":{\"@id\":\"https:\\\/\\\/amicale-8-hussards.com\\\/wp\\\/elementor-2818\\\/#primaryimage\"},\"thumbnailUrl\":\"https:\\\/\\\/amicale-8-hussards.com\\\/wp\\\/wp-content\\\/uploads\\\/2022\\\/08\\\/4.-Portes-Ouvertes-Jean-SAn.jpg\",\"articleSection\":[\"Album photos\",\"Courrier des anciens\",\"Les membres\"],\"inLanguage\":\"fr-FR\",\"potentialAction\":[{\"@type\":\"CommentAction\",\"name\":\"Comment\",\"target\":[\"https:\\\/\\\/amicale-8-hussards.com\\\/wp\\\/elementor-2818\\\/#respond\"]}]},{\"@type\":\"WebPage\",\"@id\":\"https:\\\/\\\/amicale-8-hussards.com\\\/wp\\\/elementor-2818\\\/\",\"url\":\"https:\\\/\\\/amicale-8-hussards.com\\\/wp\\\/elementor-2818\\\/\",\"name\":\"Album photos : Jan San - 1971 - Amicale des anciens du 8\u00e8me R\u00e9giment de Hussards\",\"isPartOf\":{\"@id\":\"https:\\\/\\\/amicale-8-hussards.com\\\/wp\\\/#website\"},\"primaryImageOfPage\":{\"@id\":\"https:\\\/\\\/amicale-8-hussards.com\\\/wp\\\/elementor-2818\\\/#primaryimage\"},\"image\":{\"@id\":\"https:\\\/\\\/amicale-8-hussards.com\\\/wp\\\/elementor-2818\\\/#primaryimage\"},\"thumbnailUrl\":\"https:\\\/\\\/amicale-8-hussards.com\\\/wp\\\/wp-content\\\/uploads\\\/2022\\\/08\\\/4.-Portes-Ouvertes-Jean-SAn.jpg\",\"datePublished\":\"2022-08-22T18:45:04+00:00\",\"dateModified\":\"2022-08-22T19:30:35+00:00\",\"breadcrumb\":{\"@id\":\"https:\\\/\\\/amicale-8-hussards.com\\\/wp\\\/elementor-2818\\\/#breadcrumb\"},\"inLanguage\":\"fr-FR\",\"potentialAction\":[{\"@type\":\"ReadAction\",\"target\":[\"https:\\\/\\\/amicale-8-hussards.com\\\/wp\\\/elementor-2818\\\/\"]}]},{\"@type\":\"ImageObject\",\"inLanguage\":\"fr-FR\",\"@id\":\"https:\\\/\\\/amicale-8-hussards.com\\\/wp\\\/elementor-2818\\\/#primaryimage\",\"url\":\"https:\\\/\\\/amicale-8-hussards.com\\\/wp\\\/wp-content\\\/uploads\\\/2022\\\/08\\\/4.-Portes-Ouvertes-Jean-SAn.jpg\",\"contentUrl\":\"https:\\\/\\\/amicale-8-hussards.com\\\/wp\\\/wp-content\\\/uploads\\\/2022\\\/08\\\/4.-Portes-Ouvertes-Jean-SAn.jpg\",\"width\":672,\"height\":678},{\"@type\":\"BreadcrumbList\",\"@id\":\"https:\\\/\\\/amicale-8-hussards.com\\\/wp\\\/elementor-2818\\\/#breadcrumb\",\"itemListElement\":[{\"@type\":\"ListItem\",\"position\":1,\"name\":\"Accueil\",\"item\":\"https:\\\/\\\/amicale-8-hussards.com\\\/wp\\\/\"},{\"@type\":\"ListItem\",\"position\":2,\"name\":\"Album photos : Jan San &#8211; 1971\"}]},{\"@type\":\"WebSite\",\"@id\":\"https:\\\/\\\/amicale-8-hussards.com\\\/wp\\\/#website\",\"url\":\"https:\\\/\\\/amicale-8-hussards.com\\\/wp\\\/\",\"name\":\"Amicale des anciens du 8\u00e8me R\u00e9giment de Hussards\",\"description\":\"Et par Saint Georges ...\",\"publisher\":{\"@id\":\"https:\\\/\\\/amicale-8-hussards.com\\\/wp\\\/#organization\"},\"potentialAction\":[{\"@type\":\"SearchAction\",\"target\":{\"@type\":\"EntryPoint\",\"urlTemplate\":\"https:\\\/\\\/amicale-8-hussards.com\\\/wp\\\/?s={search_term_string}\"},\"query-input\":{\"@type\":\"PropertyValueSpecification\",\"valueRequired\":true,\"valueName\":\"search_term_string\"}}],\"inLanguage\":\"fr-FR\"},{\"@type\":\"Organization\",\"@id\":\"https:\\\/\\\/amicale-8-hussards.com\\\/wp\\\/#organization\",\"name\":\"Amicale des anciens du 8\u00e8me R\u00e9giment de Hussards\",\"url\":\"https:\\\/\\\/amicale-8-hussards.com\\\/wp\\\/\",\"logo\":{\"@type\":\"ImageObject\",\"inLanguage\":\"fr-FR\",\"@id\":\"https:\\\/\\\/amicale-8-hussards.com\\\/wp\\\/#\\\/schema\\\/logo\\\/image\\\/\",\"url\":\"https:\\\/\\\/amicale-8-hussards.com\\\/wp\\\/wp-content\\\/uploads\\\/2022\\\/02\\\/insigne_8rh.gif\",\"contentUrl\":\"https:\\\/\\\/amicale-8-hussards.com\\\/wp\\\/wp-content\\\/uploads\\\/2022\\\/02\\\/insigne_8rh.gif\",\"width\":175,\"height\":235,\"caption\":\"Amicale des anciens du 8\u00e8me R\u00e9giment de Hussards\"},\"image\":{\"@id\":\"https:\\\/\\\/amicale-8-hussards.com\\\/wp\\\/#\\\/schema\\\/logo\\\/image\\\/\"}},{\"@type\":\"Person\",\"@id\":\"https:\\\/\\\/amicale-8-hussards.com\\\/wp\\\/#\\\/schema\\\/person\\\/ec1bcdc99bd0fca26aad6a0dabe1df5a\",\"name\":\"Webmaster\",\"image\":{\"@type\":\"ImageObject\",\"inLanguage\":\"fr-FR\",\"@id\":\"https:\\\/\\\/secure.gravatar.com\\\/avatar\\\/9e9e20f91bc29befcb50896f67f2f29fbcd6b002c3b5fc09319f6dbe204ea4f8?s=96&d=mm&r=g\",\"url\":\"https:\\\/\\\/secure.gravatar.com\\\/avatar\\\/9e9e20f91bc29befcb50896f67f2f29fbcd6b002c3b5fc09319f6dbe204ea4f8?s=96&d=mm&r=g\",\"contentUrl\":\"https:\\\/\\\/secure.gravatar.com\\\/avatar\\\/9e9e20f91bc29befcb50896f67f2f29fbcd6b002c3b5fc09319f6dbe204ea4f8?s=96&d=mm&r=g\",\"caption\":\"Webmaster\"},\"sameAs\":[\"http:\\\/\\\/amicale-8-hussards.com\\\/wp\"],\"url\":\"https:\\\/\\\/amicale-8-hussards.com\\\/wp\\\/author\\\/p-barge\\\/\"}]}<\/script>\n<!-- \/ Yoast SEO plugin. -->","yoast_head_json":{"title":"Album photos : Jan San - 1971 - Amicale des anciens du 8\u00e8me R\u00e9giment de Hussards","robots":{"index":"index","follow":"follow","max-snippet":"max-snippet:-1","max-image-preview":"max-image-preview:large","max-video-preview":"max-video-preview:-1"},"canonical":"https:\/\/amicale-8-hussards.com\/wp\/elementor-2818\/","og_locale":"fr_FR","og_type":"article","og_title":"Album photos : Jan San - 1971 - Amicale des anciens du 8\u00e8me R\u00e9giment de Hussards","og_description":"Album photos : Jan San &#8211; 1971 Je faisais parti du 2\u00b0 escadron ( P C) : capitaine Boucher, lieutenant de Courrege \u00a0Pour la petite histoire, en 2010 (j&rsquo;\u00e9tais chauffeur assistant homme \u00e0 tout faire d&rsquo;un homme politique) \u00e0 la sortie d&rsquo;un d\u00eener je me suis trouv\u00e9 nez \u00e0 nez avec l&rsquo;ex lieutenant de Courrege [&hellip;]","og_url":"https:\/\/amicale-8-hussards.com\/wp\/elementor-2818\/","og_site_name":"Amicale des anciens du 8\u00e8me R\u00e9giment de Hussards","article_published_time":"2022-08-22T18:45:04+00:00","article_modified_time":"2022-08-22T19:30:35+00:00","og_image":[{"width":672,"height":678,"url":"https:\/\/amicale-8-hussards.com\/wp\/wp-content\/uploads\/2022\/08\/4.-Portes-Ouvertes-Jean-SAn.jpg","type":"image\/jpeg"}],"author":"Webmaster","twitter_card":"summary_large_image","twitter_misc":{"\u00c9crit par":"Webmaster","Dur\u00e9e de lecture estim\u00e9e":"2 minutes"},"schema":{"@context":"https:\/\/schema.org","@graph":[{"@type":"Article","@id":"https:\/\/amicale-8-hussards.com\/wp\/elementor-2818\/#article","isPartOf":{"@id":"https:\/\/amicale-8-hussards.com\/wp\/elementor-2818\/"},"author":{"name":"Webmaster","@id":"https:\/\/amicale-8-hussards.com\/wp\/#\/schema\/person\/ec1bcdc99bd0fca26aad6a0dabe1df5a"},"headline":"Album photos : Jan San &#8211; 1971","datePublished":"2022-08-22T18:45:04+00:00","dateModified":"2022-08-22T19:30:35+00:00","mainEntityOfPage":{"@id":"https:\/\/amicale-8-hussards.com\/wp\/elementor-2818\/"},"wordCount":101,"commentCount":0,"publisher":{"@id":"https:\/\/amicale-8-hussards.com\/wp\/#organization"},"image":{"@id":"https:\/\/amicale-8-hussards.com\/wp\/elementor-2818\/#primaryimage"},"thumbnailUrl":"https:\/\/amicale-8-hussards.com\/wp\/wp-content\/uploads\/2022\/08\/4.-Portes-Ouvertes-Jean-SAn.jpg","articleSection":["Album photos","Courrier des anciens","Les membres"],"inLanguage":"fr-FR","potentialAction":[{"@type":"CommentAction","name":"Comment","target":["https:\/\/amicale-8-hussards.com\/wp\/elementor-2818\/#respond"]}]},{"@type":"WebPage","@id":"https:\/\/amicale-8-hussards.com\/wp\/elementor-2818\/","url":"https:\/\/amicale-8-hussards.com\/wp\/elementor-2818\/","name":"Album photos : Jan San - 1971 - Amicale des anciens du 8\u00e8me R\u00e9giment de Hussards","isPartOf":{"@id":"https:\/\/amicale-8-hussards.com\/wp\/#website"},"primaryImageOfPage":{"@id":"https:\/\/amicale-8-hussards.com\/wp\/elementor-2818\/#primaryimage"},"image":{"@id":"https:\/\/amicale-8-hussards.com\/wp\/elementor-2818\/#primaryimage"},"thumbnailUrl":"https:\/\/amicale-8-hussards.com\/wp\/wp-content\/uploads\/2022\/08\/4.-Portes-Ouvertes-Jean-SAn.jpg","datePublished":"2022-08-22T18:45:04+00:00","dateModified":"2022-08-22T19:30:35+00:00","breadcrumb":{"@id":"https:\/\/amicale-8-hussards.com\/wp\/elementor-2818\/#breadcrumb"},"inLanguage":"fr-FR","potentialAction":[{"@type":"ReadAction","target":["https:\/\/amicale-8-hussards.com\/wp\/elementor-2818\/"]}]},{"@type":"ImageObject","inLanguage":"fr-FR","@id":"https:\/\/amicale-8-hussards.com\/wp\/elementor-2818\/#primaryimage","url":"https:\/\/amicale-8-hussards.com\/wp\/wp-content\/uploads\/2022\/08\/4.-Portes-Ouvertes-Jean-SAn.jpg","contentUrl":"https:\/\/amicale-8-hussards.com\/wp\/wp-content\/uploads\/2022\/08\/4.-Portes-Ouvertes-Jean-SAn.jpg","width":672,"height":678},{"@type":"BreadcrumbList","@id":"https:\/\/amicale-8-hussards.com\/wp\/elementor-2818\/#breadcrumb","itemListElement":[{"@type":"ListItem","position":1,"name":"Accueil","item":"https:\/\/amicale-8-hussards.com\/wp\/"},{"@type":"ListItem","position":2,"name":"Album photos : Jan San &#8211; 1971"}]},{"@type":"WebSite","@id":"https:\/\/amicale-8-hussards.com\/wp\/#website","url":"https:\/\/amicale-8-hussards.com\/wp\/","name":"Amicale des anciens du 8\u00e8me R\u00e9giment de Hussards","description":"Et par Saint Georges ...","publisher":{"@id":"https:\/\/amicale-8-hussards.com\/wp\/#organization"},"potentialAction":[{"@type":"SearchAction","target":{"@type":"EntryPoint","urlTemplate":"https:\/\/amicale-8-hussards.com\/wp\/?s={search_term_string}"},"query-input":{"@type":"PropertyValueSpecification","valueRequired":true,"valueName":"search_term_string"}}],"inLanguage":"fr-FR"},{"@type":"Organization","@id":"https:\/\/amicale-8-hussards.com\/wp\/#organization","name":"Amicale des anciens du 8\u00e8me R\u00e9giment de Hussards","url":"https:\/\/amicale-8-hussards.com\/wp\/","logo":{"@type":"ImageObject","inLanguage":"fr-FR","@id":"https:\/\/amicale-8-hussards.com\/wp\/#\/schema\/logo\/image\/","url":"https:\/\/amicale-8-hussards.com\/wp\/wp-content\/uploads\/2022\/02\/insigne_8rh.gif","contentUrl":"https:\/\/amicale-8-hussards.com\/wp\/wp-content\/uploads\/2022\/02\/insigne_8rh.gif","width":175,"height":235,"caption":"Amicale des anciens du 8\u00e8me R\u00e9giment de Hussards"},"image":{"@id":"https:\/\/amicale-8-hussards.com\/wp\/#\/schema\/logo\/image\/"}},{"@type":"Person","@id":"https:\/\/amicale-8-hussards.com\/wp\/#\/schema\/person\/ec1bcdc99bd0fca26aad6a0dabe1df5a","name":"Webmaster","image":{"@type":"ImageObject","inLanguage":"fr-FR","@id":"https:\/\/secure.gravatar.com\/avatar\/9e9e20f91bc29befcb50896f67f2f29fbcd6b002c3b5fc09319f6dbe204ea4f8?s=96&d=mm&r=g","url":"https:\/\/secure.gravatar.com\/avatar\/9e9e20f91bc29befcb50896f67f2f29fbcd6b002c3b5fc09319f6dbe204ea4f8?s=96&d=mm&r=g","contentUrl":"https:\/\/secure.gravatar.com\/avatar\/9e9e20f91bc29befcb50896f67f2f29fbcd6b002c3b5fc09319f6dbe204ea4f8?s=96&d=mm&r=g","caption":"Webmaster"},"sameAs":["http:\/\/amicale-8-hussards.com\/wp"],"url":"https:\/\/amicale-8-hussards.com\/wp\/author\/p-barge\/"}]}},"_links":{"self":[{"href":"https:\/\/amicale-8-hussards.com\/wp\/wp-json\/wp\/v2\/posts\/2818","targetHints":{"allow":["GET"]}}],"collection":[{"href":"https:\/\/amicale-8-hussards.com\/wp\/wp-json\/wp\/v2\/posts"}],"about":[{"href":"https:\/\/amicale-8-hussards.com\/wp\/wp-json\/wp\/v2\/types\/post"}],"author":[{"embeddable":true,"href":"https:\/\/amicale-8-hussards.com\/wp\/wp-json\/wp\/v2\/users\/7"}],"replies":[{"embeddable":true,"href":"https:\/\/amicale-8-hussards.com\/wp\/wp-json\/wp\/v2\/comments?post=2818"}],"version-history":[{"count":17,"href":"https:\/\/amicale-8-hussards.com\/wp\/wp-json\/wp\/v2\/posts\/2818\/revisions"}],"predecessor-version":[{"id":2845,"href":"https:\/\/amicale-8-hussards.com\/wp\/wp-json\/wp\/v2\/posts\/2818\/revisions\/2845"}],"wp:featuredmedia":[{"embeddable":true,"href":"https:\/\/amicale-8-hussards.com\/wp\/wp-json\/wp\/v2\/media\/2821"}],"wp:attachment":[{"href":"https:\/\/amicale-8-hussards.com\/wp\/wp-json\/wp\/v2\/media?parent=2818"}],"wp:term":[{"taxonomy":"category","embeddable":true,"href":"https:\/\/amicale-8-hussards.com\/wp\/wp-json\/wp\/v2\/categories?post=2818"},{"taxonomy":"post_tag","embeddable":true,"href":"https:\/\/amicale-8-hussards.com\/wp\/wp-json\/wp\/v2\/tags?post=2818"}],"curies":[{"name":"wp","href":"https:\/\/api.w.org\/{rel}","templated":true}]}}